{"id":3001,"date":"2021-08-19T09:54:56","date_gmt":"2021-08-19T09:54:56","guid":{"rendered":"http:\/\/www.tessiot-demenagement.com\/lareunion\/?p=3001"},"modified":"2021-08-19T10:26:22","modified_gmt":"2021-08-19T10:26:22","slug":"le-demenagement-au-beau-fixe-en-2021","status":"publish","type":"post","link":"http:\/\/www.tessiot-demenagement.com\/lareunion\/le-demenagement-au-beau-fixe-en-2021\/","title":{"rendered":"Le d\u00e9m\u00e9nagement au beau fixe en 2021"},"content":{"rendered":"\t\t<div data-elementor-type=\"wp-post\" data-elementor-id=\"3001\" class=\"elementor elementor-3001\" data-elementor-settings=\"[]\">\n\t\t\t\t\t\t<div class=\"elementor-inner\">\n\t\t\t\t\t\t\t<div class=\"elementor-section-wrap\">\n\t\t\t\t\t\t\t<section class=\"elementor-section elementor-top-section elementor-element elementor-element-1d5bcb6 elementor-section-boxed elementor-section-height-default elementor-section-height-default\" data-id=\"1d5bcb6\" data-element_type=\"section\">\n\t\t\t\t\t\t<div class=\"elementor-container elementor-column-gap-default\">\n\t\t\t\t\t\t\t<div class=\"elementor-row\">\n\t\t\t\t\t<div class=\"elementor-column elementor-col-100 elementor-top-column elementor-element elementor-element-ba4eb0b\" data-id=\"ba4eb0b\" data-element_type=\"column\">\n\t\t\t<div class=\"elementor-column-wrap elementor-element-populated\">\n\t\t\t\t\t\t\t<div class=\"elementor-widget-wrap\">\n\t\t\t\t\t\t<div class=\"elementor-element elementor-element-df355af elementor-widget elementor-widget-heading\" data-id=\"df355af\" data-element_type=\"widget\" data-widget_type=\"heading.default\">\n\t\t\t\t<div class=\"elementor-widget-container\">\n\t\t\t<h1 class=\"elementor-heading-title elementor-size-xl\">Le d\u00e9m\u00e9nagement au beau fixe en 2021<\/h1>\t\t<\/div>\n\t\t\t\t<\/div>\n\t\t\t\t\t\t<\/div>\n\t\t\t\t\t<\/div>\n\t\t<\/div>\n\t\t\t\t\t\t\t\t<\/div>\n\t\t\t\t\t<\/div>\n\t\t<\/section>\n\t\t\t\t<section class=\"elementor-section elementor-top-section elementor-element elementor-element-89f6fd9 elementor-section-boxed elementor-section-height-default elementor-section-height-default\" data-id=\"89f6fd9\" data-element_type=\"section\">\n\t\t\t\t\t\t<div class=\"elementor-container elementor-column-gap-default\">\n\t\t\t\t\t\t\t<div class=\"elementor-row\">\n\t\t\t\t\t<div class=\"elementor-column elementor-col-100 elementor-top-column elementor-element elementor-element-743fcc3\" data-id=\"743fcc3\" data-element_type=\"column\">\n\t\t\t<div class=\"elementor-column-wrap elementor-element-populated\">\n\t\t\t\t\t\t\t<div class=\"elementor-widget-wrap\">\n\t\t\t\t\t\t<div class=\"elementor-element elementor-element-4f478b6 elementor-widget elementor-widget-spacer\" data-id=\"4f478b6\" data-element_type=\"widget\" data-widget_type=\"spacer.default\">\n\t\t\t\t<div class=\"elementor-widget-container\">\n\t\t\t\t\t<div class=\"elementor-spacer\">\n\t\t\t<div class=\"elementor-spacer-inner\"><\/div>\n\t\t<\/div>\n\t\t\t\t<\/div>\n\t\t\t\t<\/div>\n\t\t\t\t\t\t<\/div>\n\t\t\t\t\t<\/div>\n\t\t<\/div>\n\t\t\t\t\t\t\t\t<\/div>\n\t\t\t\t\t<\/div>\n\t\t<\/section>\n\t\t\t\t<section class=\"elementor-section elementor-top-section elementor-element elementor-element-cf0269e elementor-section-boxed elementor-section-height-default elementor-section-height-default\" data-id=\"cf0269e\" data-element_type=\"section\">\n\t\t\t\t\t\t<div class=\"elementor-container elementor-column-gap-default\">\n\t\t\t\t\t\t\t<div class=\"elementor-row\">\n\t\t\t\t\t<div class=\"elementor-column elementor-col-100 elementor-top-column elementor-element elementor-element-5e697fb\" data-id=\"5e697fb\" data-element_type=\"column\">\n\t\t\t<div class=\"elementor-column-wrap elementor-element-populated\">\n\t\t\t\t\t\t\t<div class=\"elementor-widget-wrap\">\n\t\t\t\t\t\t<div class=\"elementor-element elementor-element-d943629 elementor-widget elementor-widget-text-editor\" data-id=\"d943629\" data-element_type=\"widget\" data-widget_type=\"text-editor.default\">\n\t\t\t\t<div class=\"elementor-widget-container\">\n\t\t\t\t\t<div class=\"elementor-text-editor elementor-clearfix\"><p>En ces temps de Covid-19, le d\u00e9m\u00e9nagement est au beau fixe en 2021. Face aux vagues successives de contaminations et \u00e0 l\u2019essor du t\u00e9l\u00e9travail, les fran\u00e7ais ont des envies d&#8217;ailleurs.<\/p><\/div>\n\t\t\t\t<\/div>\n\t\t\t\t<\/div>\n\t\t\t\t\t\t<\/div>\n\t\t\t\t\t<\/div>\n\t\t<\/div>\n\t\t\t\t\t\t\t\t<\/div>\n\t\t\t\t\t<\/div>\n\t\t<\/section>\n\t\t\t\t<section class=\"elementor-section elementor-top-section elementor-element elementor-element-a9bd80d elementor-section-boxed elementor-section-height-default elementor-section-height-default\" data-id=\"a9bd80d\" data-element_type=\"section\">\n\t\t\t\t\t\t<div class=\"elementor-container elementor-column-gap-default\">\n\t\t\t\t\t\t\t<div class=\"elementor-row\">\n\t\t\t\t\t<div class=\"elementor-column elementor-col-100 elementor-top-column elementor-element elementor-element-d76593b\" data-id=\"d76593b\" data-element_type=\"column\">\n\t\t\t<div class=\"elementor-column-wrap elementor-element-populated\">\n\t\t\t\t\t\t\t<div class=\"elementor-widget-wrap\">\n\t\t\t\t\t\t<div class=\"elementor-element elementor-element-149d2ed elementor-widget elementor-widget-heading\" data-id=\"149d2ed\" data-element_type=\"widget\" data-widget_type=\"heading.default\">\n\t\t\t\t<div class=\"elementor-widget-container\">\n\t\t\t<h2 class=\"elementor-heading-title elementor-size-large\">Un fran\u00e7ais sur quatre pense \u00e0 un d\u00e9m\u00e9nagement.<\/h2>\t\t<\/div>\n\t\t\t\t<\/div>\n\t\t\t\t\t\t<\/div>\n\t\t\t\t\t<\/div>\n\t\t<\/div>\n\t\t\t\t\t\t\t\t<\/div>\n\t\t\t\t\t<\/div>\n\t\t<\/section>\n\t\t\t\t<section class=\"elementor-section elementor-top-section elementor-element elementor-element-552c743 elementor-section-boxed elementor-section-height-default elementor-section-height-default\" data-id=\"552c743\" data-element_type=\"section\">\n\t\t\t\t\t\t<div class=\"elementor-container elementor-column-gap-default\">\n\t\t\t\t\t\t\t<div class=\"elementor-row\">\n\t\t\t\t\t<div class=\"elementor-column elementor-col-100 elementor-top-column elementor-element elementor-element-897037b\" data-id=\"897037b\" data-element_type=\"column\">\n\t\t\t<div class=\"elementor-column-wrap elementor-element-populated\">\n\t\t\t\t\t\t\t<div class=\"elementor-widget-wrap\">\n\t\t\t\t\t\t<div class=\"elementor-element elementor-element-c2e3a43 elementor-widget elementor-widget-text-editor\" data-id=\"c2e3a43\" data-element_type=\"widget\" data-widget_type=\"text-editor.default\">\n\t\t\t\t<div class=\"elementor-widget-container\">\n\t\t\t\t\t<div class=\"elementor-text-editor elementor-clearfix\"><p><strong>Chaque ann\u00e9e, environ 10% de la population fran\u00e7aise d\u00e9m\u00e9nage<\/strong>. Beaucoup de personnes, les 2\/3, \u00a0organisent et r\u00e9alisent leur d\u00e9m\u00e9nagement par leurs propres moyens. Familles et amis sont alors sollicit\u00e9s. N\u00e9anmoins, du fait de la pand\u00e9mie de la Covid-19, de plus en plus de gens rechignent \u00e0 faire appel \u00e0 leur entourage pour le pr\u00e9server. Qui plus est, <a href=\"https:\/\/www.tessiot-demenagement.com\/fr\/le-teletravail-ca-demenage\/\">avec l\u2019essor du t\u00e9l\u00e9travail<\/a>, les employ\u00e9s recherchent des logements plus adapt\u00e9s, plus grands.<\/p><p>En cons\u00e9quence, <a href=\"https:\/\/www.ouest-france.fr\/economie\/les-entreprises-de-demenagements-croulent-sous-les-demandes-284f6298-f050-11eb-9dfd-b6d2c08f691c\" class=\"broken_link\">selon Ouest France<\/a>, aujourd\u2019hui, <strong>1 fran\u00e7ais sur 4 pense changer d\u2019adresse<\/strong>.<\/p><\/div>\n\t\t\t\t<\/div>\n\t\t\t\t<\/div>\n\t\t\t\t\t\t<\/div>\n\t\t\t\t\t<\/div>\n\t\t<\/div>\n\t\t\t\t\t\t\t\t<\/div>\n\t\t\t\t\t<\/div>\n\t\t<\/section>\n\t\t\t\t<section class=\"elementor-section elementor-top-section elementor-element elementor-element-97c0526 elementor-section-boxed elementor-section-height-default elementor-section-height-default\" data-id=\"97c0526\" data-element_type=\"section\">\n\t\t\t\t\t\t<div class=\"elementor-container elementor-column-gap-default\">\n\t\t\t\t\t\t\t<div class=\"elementor-row\">\n\t\t\t\t\t<div class=\"elementor-column elementor-col-100 elementor-top-column elementor-element elementor-element-26808f3\" data-id=\"26808f3\" data-element_type=\"column\">\n\t\t\t<div class=\"elementor-column-wrap elementor-element-populated\">\n\t\t\t\t\t\t\t<div class=\"elementor-widget-wrap\">\n\t\t\t\t\t\t<div class=\"elementor-element elementor-element-d4caded elementor-widget elementor-widget-heading\" data-id=\"d4caded\" data-element_type=\"widget\" data-widget_type=\"heading.default\">\n\t\t\t\t<div class=\"elementor-widget-container\">\n\t\t\t<h3 class=\"elementor-heading-title elementor-size-large\">Tessiot R\u00e9union recrute !<\/h3>\t\t<\/div>\n\t\t\t\t<\/div>\n\t\t\t\t\t\t<\/div>\n\t\t\t\t\t<\/div>\n\t\t<\/div>\n\t\t\t\t\t\t\t\t<\/div>\n\t\t\t\t\t<\/div>\n\t\t<\/section>\n\t\t\t\t<section class=\"elementor-section elementor-top-section elementor-element elementor-element-bd8b6c7 elementor-section-boxed elementor-section-height-default elementor-section-height-default\" data-id=\"bd8b6c7\" data-element_type=\"section\">\n\t\t\t\t\t\t<div class=\"elementor-container elementor-column-gap-default\">\n\t\t\t\t\t\t\t<div class=\"elementor-row\">\n\t\t\t\t\t<div class=\"elementor-column elementor-col-100 elementor-top-column elementor-element elementor-element-263b967\" data-id=\"263b967\" data-element_type=\"column\">\n\t\t\t<div class=\"elementor-column-wrap elementor-element-populated\">\n\t\t\t\t\t\t\t<div class=\"elementor-widget-wrap\">\n\t\t\t\t\t\t<div class=\"elementor-element elementor-element-126f091 elementor-widget elementor-widget-text-editor\" data-id=\"126f091\" data-element_type=\"widget\" data-widget_type=\"text-editor.default\">\n\t\t\t\t<div class=\"elementor-widget-container\">\n\t\t\t\t\t<div class=\"elementor-text-editor elementor-clearfix\"><p>Cette augmentation des demandes se ressent chez Tessiot D\u00e9m\u00e9nagements. Actuellement il nous reste peu de disponibilit\u00e9s pour le mois d\u2019ao\u00fbt. Et septembre commence \u00e0 bien se remplir \u00e9galement. <strong>Que ce soit en local ou au national, les besoins en d\u00e9m\u00e9nagement se sont accrus depuis d\u00e9but 2020.<\/strong> N\u00e9anmoins, nous ne pouvons r\u00e9pondre favorablement \u00e0 toutes les demandes, du fait d\u2019un march\u00e9 de l\u2019emploi en tension dans le secteur du d\u00e9m\u00e9nagement. En effet, afin de faire face \u00e0 notre croissance, <a href=\"https:\/\/www.tessiot-demenagement.com\/fr\/offres-demplois\/\">nous sommes en permanence \u00e0 la recherche de Chauffeurs-d\u00e9m\u00e9nageurs et de d\u00e9m\u00e9nageurs<\/a>. <strong>Stabilit\u00e9 professionnelle, contact avec nos clients, vari\u00e9t\u00e9 des situations<\/strong>, autant d\u2019avantages que nos d\u00e9m\u00e9nageurs trouvent dans leur quotidien.<\/p><\/div>\n\t\t\t\t<\/div>\n\t\t\t\t<\/div>\n\t\t\t\t\t\t<\/div>\n\t\t\t\t\t<\/div>\n\t\t<\/div>\n\t\t\t\t\t\t\t\t<\/div>\n\t\t\t\t\t<\/div>\n\t\t<\/section>\n\t\t\t\t<section class=\"elementor-section elementor-top-section elementor-element elementor-element-3c8e84a elementor-section-boxed elementor-section-height-default elementor-section-height-default\" data-id=\"3c8e84a\" data-element_type=\"section\">\n\t\t\t\t\t\t<div class=\"elementor-container elementor-column-gap-default\">\n\t\t\t\t\t\t\t<div class=\"elementor-row\">\n\t\t\t\t\t<div class=\"elementor-column elementor-col-100 elementor-top-column elementor-element elementor-element-0d8a283\" data-id=\"0d8a283\" data-element_type=\"column\">\n\t\t\t<div class=\"elementor-column-wrap elementor-element-populated\">\n\t\t\t\t\t\t\t<div class=\"elementor-widget-wrap\">\n\t\t\t\t\t\t<div class=\"elementor-element elementor-element-b638d10 elementor-widget elementor-widget-heading\" data-id=\"b638d10\" data-element_type=\"widget\" data-widget_type=\"heading.default\">\n\t\t\t\t<div class=\"elementor-widget-container\">\n\t\t\t<h4 class=\"elementor-heading-title elementor-size-large\">Votre devis gratuit pour d\u00e9m\u00e9nager.<\/h4>\t\t<\/div>\n\t\t\t\t<\/div>\n\t\t\t\t\t\t<\/div>\n\t\t\t\t\t<\/div>\n\t\t<\/div>\n\t\t\t\t\t\t\t\t<\/div>\n\t\t\t\t\t<\/div>\n\t\t<\/section>\n\t\t\t\t<section class=\"elementor-section elementor-top-section elementor-element elementor-element-eddeb43 elementor-section-boxed elementor-section-height-default elementor-section-height-default\" data-id=\"eddeb43\" data-element_type=\"section\">\n\t\t\t\t\t\t<div class=\"elementor-container elementor-column-gap-default\">\n\t\t\t\t\t\t\t<div class=\"elementor-row\">\n\t\t\t\t\t<div class=\"elementor-column elementor-col-66 elementor-top-column elementor-element elementor-element-e02f559\" data-id=\"e02f559\" data-element_type=\"column\">\n\t\t\t<div class=\"elementor-column-wrap elementor-element-populated\">\n\t\t\t\t\t\t\t<div class=\"elementor-widget-wrap\">\n\t\t\t\t\t\t<div class=\"elementor-element elementor-element-29a6987 elementor-widget elementor-widget-text-editor\" data-id=\"29a6987\" data-element_type=\"widget\" data-widget_type=\"text-editor.default\">\n\t\t\t\t<div class=\"elementor-widget-container\">\n\t\t\t\t\t<div class=\"elementor-text-editor elementor-clearfix\"><p>Afin de vous proposer le meilleur tarif pour votre d\u00e9m\u00e9nagement, demandez votre devis gratuit. Pr\u00e9sents \u00e0 Saint-Pierre et \u00e0 Saint-Denis, nos conseillers se d\u00e9placent gratuitement \u00e0 votre domicile. <a href=\"https:\/\/www.tessiot-demenagement.com\/fr\/quest-ce-que-le-cubage\/\">Estimation du volume \u00e0 d\u00e9m\u00e9nager<\/a>, v\u00e9rification des acc\u00e8s, renseignement sur<a href=\"http:\/\/www.tessiot-demenagement.com\/lareunion\/quelle-formule-pour-demenager\/\"> la formule la plus adapt\u00e9e<\/a>, autant de facteurs \u00e0 valider avant votre d\u00e9m\u00e9nagement. Alors demandez d\u00e8s maintenant la visite de notre conseiller.<\/p><\/div>\n\t\t\t\t<\/div>\n\t\t\t\t<\/div>\n\t\t\t\t\t\t<\/div>\n\t\t\t\t\t<\/div>\n\t\t<\/div>\n\t\t\t\t<div class=\"elementor-column elementor-col-33 elementor-top-column elementor-element elementor-element-f26e33f\" data-id=\"f26e33f\" data-element_type=\"column\">\n\t\t\t<div class=\"elementor-column-wrap elementor-element-populated\">\n\t\t\t\t\t\t\t<div class=\"elementor-widget-wrap\">\n\t\t\t\t\t\t<div class=\"elementor-element elementor-element-6f1c952 elementor-align-center elementor-widget elementor-widget-button\" data-id=\"6f1c952\" data-element_type=\"widget\" data-widget_type=\"button.default\">\n\t\t\t\t<div class=\"elementor-widget-container\">\n\t\t\t\t\t<div class=\"elementor-button-wrapper\">\n\t\t\t<a href=\"http:\/\/www.tessiot-demenagement.com\/lareunion\/devis-demenagement-reunion\/\" class=\"elementor-button-link elementor-button elementor-size-lg\" role=\"button\">\n\t\t\t\t\t\t<span class=\"elementor-button-content-wrapper\">\n\t\t\t\t\t\t<span class=\"elementor-button-text\">Demandez votre devis gratuit<\/span>\n\t\t<\/span>\n\t\t\t\t\t<\/a>\n\t\t<\/div>\n\t\t\t\t<\/div>\n\t\t\t\t<\/div>\n\t\t\t\t\t\t<\/div>\n\t\t\t\t\t<\/div>\n\t\t<\/div>\n\t\t\t\t\t\t\t\t<\/div>\n\t\t\t\t\t<\/div>\n\t\t<\/section>\n\t\t\t\t\t\t<\/div>\n\t\t\t\t\t\t<\/div>\n\t\t\t\t\t<\/div>\n\t\t","protected":false},"excerpt":{"rendered":"<p>Le d\u00e9m\u00e9nagement au beau fixe en 2021 En ces temps de Covid-19, le d\u00e9m\u00e9nagement est au beau fixe en 2021.<\/p>\n","protected":false},"author":57,"featured_media":3003,"comment_status":"closed","ping_status":"closed","sticky":false,"template":"","format":"standard","meta":{"spay_email":"","jetpack_publicize_message":"","jetpack_is_tweetstorm":false},"categories":[15],"tags":[],"jetpack_featured_media_url":"http:\/\/www.tessiot-demenagement.com\/lareunion\/wp-content\/uploads\/2021\/08\/Bienvenue-a-JULIA.png","jetpack_publicize_connections":[],"yoast_head":"<!-- This site is optimized with the Yoast SEO plugin v15.8 - https:\/\/yoast.com\/wordpress\/plugins\/seo\/ -->\n<title>Le d\u00e9m\u00e9nagement au beau fixe en 2021 - D\u00e9m\u00e9nagement A Tessiot<\/title>\n<meta name=\"description\" content=\"Le d\u00e9m\u00e9nagement au beau fixe en 2021 En ces temps de Covid-19, le d\u00e9m\u00e9nagement est au beau fixe en 2021. Face aux vagues successives de contaminations et\" \/>\n<meta name=\"robots\" content=\"index, follow, max-snippet:-1, max-image-preview:large, max-video-preview:-1\" \/>\n<link rel=\"canonical\" href=\"https:\/\/www.tessiot-demenagement.com\/lareunion\/le-demenagement-au-beau-fixe-en-2021\/\" \/>\n<meta property=\"og:locale\" content=\"fr_FR\" \/>\n<meta property=\"og:type\" content=\"article\" \/>\n<meta property=\"og:title\" content=\"Le d\u00e9m\u00e9nagement au beau fixe en 2021 - D\u00e9m\u00e9nagement A Tessiot\" \/>\n<meta property=\"og:description\" content=\"Le d\u00e9m\u00e9nagement au beau fixe en 2021 En ces temps de Covid-19, le d\u00e9m\u00e9nagement est au beau fixe en 2021. Face aux vagues successives de contaminations et\" \/>\n<meta property=\"og:url\" content=\"https:\/\/www.tessiot-demenagement.com\/lareunion\/le-demenagement-au-beau-fixe-en-2021\/\" \/>\n<meta property=\"og:site_name\" content=\"D\u00e9m\u00e9nagement A Tessiot\" \/>\n<meta property=\"article:published_time\" content=\"2021-08-19T09:54:56+00:00\" \/>\n<meta property=\"article:modified_time\" content=\"2021-08-19T10:26:22+00:00\" \/>\n<meta property=\"og:image\" content=\"http:\/\/www.tessiot-demenagement.com\/lareunion\/wp-content\/uploads\/2021\/08\/Bienvenue-a-JULIA-1024x819.png\" \/>\n\t<meta property=\"og:image:width\" content=\"1024\" \/>\n\t<meta property=\"og:image:height\" content=\"819\" \/>\n<meta name=\"twitter:label1\" content=\"Dur\u00e9e de lecture est.\">\n\t<meta name=\"twitter:data1\" content=\"2 minutes\">\n<script type=\"application\/ld+json\" class=\"yoast-schema-graph\">{\"@context\":\"https:\/\/schema.org\",\"@graph\":[{\"@type\":\"WebSite\",\"@id\":\"http:\/\/www.tessiot-demenagement.com\/lareunion\/#website\",\"url\":\"http:\/\/www.tessiot-demenagement.com\/lareunion\/\",\"name\":\"D\\u00e9m\\u00e9nagement A Tessiot\",\"description\":\"votre demenageur specialiste des transferts administratifs et industriels\",\"potentialAction\":[{\"@type\":\"SearchAction\",\"target\":\"http:\/\/www.tessiot-demenagement.com\/lareunion\/?s={search_term_string}\",\"query-input\":\"required name=search_term_string\"}],\"inLanguage\":\"fr-FR\"},{\"@type\":\"ImageObject\",\"@id\":\"https:\/\/www.tessiot-demenagement.com\/lareunion\/le-demenagement-au-beau-fixe-en-2021\/#primaryimage\",\"inLanguage\":\"fr-FR\",\"url\":\"http:\/\/www.tessiot-demenagement.com\/lareunion\/wp-content\/uploads\/2021\/08\/Bienvenue-a-JULIA.png\",\"width\":2000,\"height\":1600,\"caption\":\"d\\u00e9m\\u00e9nager dans les dom tom\"},{\"@type\":\"WebPage\",\"@id\":\"https:\/\/www.tessiot-demenagement.com\/lareunion\/le-demenagement-au-beau-fixe-en-2021\/#webpage\",\"url\":\"https:\/\/www.tessiot-demenagement.com\/lareunion\/le-demenagement-au-beau-fixe-en-2021\/\",\"name\":\"Le d\\u00e9m\\u00e9nagement au beau fixe en 2021 - D\\u00e9m\\u00e9nagement A Tessiot\",\"isPartOf\":{\"@id\":\"http:\/\/www.tessiot-demenagement.com\/lareunion\/#website\"},\"primaryImageOfPage\":{\"@id\":\"https:\/\/www.tessiot-demenagement.com\/lareunion\/le-demenagement-au-beau-fixe-en-2021\/#primaryimage\"},\"datePublished\":\"2021-08-19T09:54:56+00:00\",\"dateModified\":\"2021-08-19T10:26:22+00:00\",\"author\":{\"@id\":\"http:\/\/www.tessiot-demenagement.com\/lareunion\/#\/schema\/person\/0e33cd97f8ac49939c48690ccfe948a1\"},\"description\":\"Le d\\u00e9m\\u00e9nagement au beau fixe en 2021 En ces temps de Covid-19, le d\\u00e9m\\u00e9nagement est au beau fixe en 2021. Face aux vagues successives de contaminations et\",\"breadcrumb\":{\"@id\":\"https:\/\/www.tessiot-demenagement.com\/lareunion\/le-demenagement-au-beau-fixe-en-2021\/#breadcrumb\"},\"inLanguage\":\"fr-FR\",\"potentialAction\":[{\"@type\":\"ReadAction\",\"target\":[\"https:\/\/www.tessiot-demenagement.com\/lareunion\/le-demenagement-au-beau-fixe-en-2021\/\"]}]},{\"@type\":\"BreadcrumbList\",\"@id\":\"https:\/\/www.tessiot-demenagement.com\/lareunion\/le-demenagement-au-beau-fixe-en-2021\/#breadcrumb\",\"itemListElement\":[{\"@type\":\"ListItem\",\"position\":1,\"item\":{\"@type\":\"WebPage\",\"@id\":\"https:\/\/www.tessiot-demenagement.com\/lareunion\/le-demenagement-au-beau-fixe-en-2021\/\",\"url\":\"https:\/\/www.tessiot-demenagement.com\/lareunion\/le-demenagement-au-beau-fixe-en-2021\/\",\"name\":\"Le d\\u00e9m\\u00e9nagement au beau fixe en 2021\"}}]},{\"@type\":\"Person\",\"@id\":\"http:\/\/www.tessiot-demenagement.com\/lareunion\/#\/schema\/person\/0e33cd97f8ac49939c48690ccfe948a1\",\"name\":\"nadia Dupuis\",\"image\":{\"@type\":\"ImageObject\",\"@id\":\"http:\/\/www.tessiot-demenagement.com\/lareunion\/#personlogo\",\"inLanguage\":\"fr-FR\",\"url\":\"http:\/\/0.gravatar.com\/avatar\/96454ef9df2f6683043ccb7bef0c4082?s=96&d=mm&r=g\",\"caption\":\"nadia Dupuis\"}}]}<\/script>\n<!-- \/ Yoast SEO plugin. -->","jetpack_sharing_enabled":true,"jetpack_shortlink":"https:\/\/wp.me\/p5eCLF-Mp","_links":{"self":[{"href":"http:\/\/www.tessiot-demenagement.com\/lareunion\/wp-json\/wp\/v2\/posts\/3001"}],"collection":[{"href":"http:\/\/www.tessiot-demenagement.com\/lareunion\/wp-json\/wp\/v2\/posts"}],"about":[{"href":"http:\/\/www.tessiot-demenagement.com\/lareunion\/wp-json\/wp\/v2\/types\/post"}],"author":[{"embeddable":true,"href":"http:\/\/www.tessiot-demenagement.com\/lareunion\/wp-json\/wp\/v2\/users\/57"}],"replies":[{"embeddable":true,"href":"http:\/\/www.tessiot-demenagement.com\/lareunion\/wp-json\/wp\/v2\/comments?post=3001"}],"version-history":[{"count":5,"href":"http:\/\/www.tessiot-demenagement.com\/lareunion\/wp-json\/wp\/v2\/posts\/3001\/revisions"}],"predecessor-version":[{"id":3007,"href":"http:\/\/www.tessiot-demenagement.com\/lareunion\/wp-json\/wp\/v2\/posts\/3001\/revisions\/3007"}],"wp:featuredmedia":[{"embeddable":true,"href":"http:\/\/www.tessiot-demenagement.com\/lareunion\/wp-json\/wp\/v2\/media\/3003"}],"wp:attachment":[{"href":"http:\/\/www.tessiot-demenagement.com\/lareunion\/wp-json\/wp\/v2\/media?parent=3001"}],"wp:term":[{"taxonomy":"category","embeddable":true,"href":"http:\/\/www.tessiot-demenagement.com\/lareunion\/wp-json\/wp\/v2\/categories?post=3001"},{"taxonomy":"post_tag","embeddable":true,"href":"http:\/\/www.tessiot-demenagement.com\/lareunion\/wp-json\/wp\/v2\/tags?post=3001"}],"curies":[{"name":"wp","href":"https:\/\/api.w.org\/{rel}","templated":true}]}}