{"id":2787,"date":"2021-03-02T08:20:26","date_gmt":"2021-03-02T08:20:26","guid":{"rendered":"http:\/\/www.tessiot-demenagement.com\/lareunion\/?p=2787"},"modified":"2021-03-03T15:32:34","modified_gmt":"2021-03-03T15:32:34","slug":"le-conge-pour-demenager","status":"publish","type":"post","link":"http:\/\/www.tessiot-demenagement.com\/lareunion\/le-conge-pour-demenager\/","title":{"rendered":"Le cong\u00e9 pour d\u00e9m\u00e9nager"},"content":{"rendered":"\t\t<div data-elementor-type=\"wp-post\" data-elementor-id=\"2787\" class=\"elementor elementor-2787\" data-elementor-settings=\"[]\">\n\t\t\t\t\t\t<div class=\"elementor-inner\">\n\t\t\t\t\t\t\t<div class=\"elementor-section-wrap\">\n\t\t\t\t\t\t\t<section class=\"elementor-section elementor-top-section elementor-element elementor-element-2199a1c elementor-section-boxed elementor-section-height-default elementor-section-height-default\" data-id=\"2199a1c\" data-element_type=\"section\">\n\t\t\t\t\t\t<div class=\"elementor-container elementor-column-gap-default\">\n\t\t\t\t\t\t\t<div class=\"elementor-row\">\n\t\t\t\t\t<div class=\"elementor-column elementor-col-100 elementor-top-column elementor-element elementor-element-8732feb\" data-id=\"8732feb\" data-element_type=\"column\">\n\t\t\t<div class=\"elementor-column-wrap elementor-element-populated\">\n\t\t\t\t\t\t\t<div class=\"elementor-widget-wrap\">\n\t\t\t\t\t\t<div class=\"elementor-element elementor-element-bbe7ae3 elementor-widget elementor-widget-heading\" data-id=\"bbe7ae3\" data-element_type=\"widget\" data-widget_type=\"heading.default\">\n\t\t\t\t<div class=\"elementor-widget-container\">\n\t\t\t<h1 class=\"elementor-heading-title elementor-size-xl\">Le cong\u00e9 pour d\u00e9m\u00e9nager<\/h1>\t\t<\/div>\n\t\t\t\t<\/div>\n\t\t\t\t\t\t<\/div>\n\t\t\t\t\t<\/div>\n\t\t<\/div>\n\t\t\t\t\t\t\t\t<\/div>\n\t\t\t\t\t<\/div>\n\t\t<\/section>\n\t\t\t\t<section class=\"elementor-section elementor-top-section elementor-element elementor-element-94867a2 elementor-section-boxed elementor-section-height-default elementor-section-height-default\" data-id=\"94867a2\" data-element_type=\"section\">\n\t\t\t\t\t\t<div class=\"elementor-container elementor-column-gap-default\">\n\t\t\t\t\t\t\t<div class=\"elementor-row\">\n\t\t\t\t\t<div class=\"elementor-column elementor-col-100 elementor-top-column elementor-element elementor-element-aa3d700\" data-id=\"aa3d700\" data-element_type=\"column\">\n\t\t\t<div class=\"elementor-column-wrap elementor-element-populated\">\n\t\t\t\t\t\t\t<div class=\"elementor-widget-wrap\">\n\t\t\t\t\t\t<div class=\"elementor-element elementor-element-d5dca7d elementor-widget elementor-widget-spacer\" data-id=\"d5dca7d\" data-element_type=\"widget\" data-widget_type=\"spacer.default\">\n\t\t\t\t<div class=\"elementor-widget-container\">\n\t\t\t\t\t<div class=\"elementor-spacer\">\n\t\t\t<div class=\"elementor-spacer-inner\"><\/div>\n\t\t<\/div>\n\t\t\t\t<\/div>\n\t\t\t\t<\/div>\n\t\t\t\t\t\t<\/div>\n\t\t\t\t\t<\/div>\n\t\t<\/div>\n\t\t\t\t\t\t\t\t<\/div>\n\t\t\t\t\t<\/div>\n\t\t<\/section>\n\t\t\t\t<section class=\"elementor-section elementor-top-section elementor-element elementor-element-ade4f3a elementor-section-boxed elementor-section-height-default elementor-section-height-default\" data-id=\"ade4f3a\" data-element_type=\"section\">\n\t\t\t\t\t\t<div class=\"elementor-container elementor-column-gap-default\">\n\t\t\t\t\t\t\t<div class=\"elementor-row\">\n\t\t\t\t\t<div class=\"elementor-column elementor-col-100 elementor-top-column elementor-element elementor-element-4c610e6\" data-id=\"4c610e6\" data-element_type=\"column\">\n\t\t\t<div class=\"elementor-column-wrap elementor-element-populated\">\n\t\t\t\t\t\t\t<div class=\"elementor-widget-wrap\">\n\t\t\t\t\t\t<div class=\"elementor-element elementor-element-ef0dd61 elementor-widget elementor-widget-text-editor\" data-id=\"ef0dd61\" data-element_type=\"widget\" data-widget_type=\"text-editor.default\">\n\t\t\t\t<div class=\"elementor-widget-container\">\n\t\t\t\t\t<div class=\"elementor-text-editor elementor-clearfix\"><p>Vous devez d\u00e9m\u00e9nager en semaine et vous devez poser un ou plusieurs jours de cong\u00e9s ?&nbsp; Cependant vous voulez tout savoir sur le<strong>&nbsp;cong\u00e9 pour d\u00e9m\u00e9nager<\/strong>&nbsp;?<\/p>\n<p>En premier lieu, vous devez savoir que <a href=\"https:\/\/www.service-public.fr\/particuliers\/vosdroits\/F33902#:~:text=Il%20n'existe%20pas%20de,'imposent%20%C3%A0%20l'employeur.\">le l\u00e9gislateur<\/a> n\u2019a pas \u00e0 proprement dit pr\u00e9vu de \u00ab&nbsp;<em>cong\u00e9 d\u00e9m\u00e9nagement<\/em>&nbsp;\u00bb dans une loi. En cons\u00e9quence, pour organiser au mieux votre d\u00e9m\u00e9nagement, vous aurez \u00e0 <strong>poser un Cong\u00e9 Pay\u00e9<\/strong>. Dans ce cas, votre absence vous sera donc pay\u00e9e comme un jour de travail effectu\u00e9, et int\u00e9gr\u00e9e au d\u00e9compte annuel de vos CP. Toutefois, <strong>votre employeur peut refuser de vous octroyer ce cong\u00e9 pay\u00e9<\/strong>.<\/p><\/div>\n\t\t\t\t<\/div>\n\t\t\t\t<\/div>\n\t\t\t\t\t\t<\/div>\n\t\t\t\t\t<\/div>\n\t\t<\/div>\n\t\t\t\t\t\t\t\t<\/div>\n\t\t\t\t\t<\/div>\n\t\t<\/section>\n\t\t\t\t<section class=\"elementor-section elementor-top-section elementor-element elementor-element-acb7301 elementor-section-boxed elementor-section-height-default elementor-section-height-default\" data-id=\"acb7301\" data-element_type=\"section\">\n\t\t\t\t\t\t<div class=\"elementor-container elementor-column-gap-default\">\n\t\t\t\t\t\t\t<div class=\"elementor-row\">\n\t\t\t\t\t<div class=\"elementor-column elementor-col-100 elementor-top-column elementor-element elementor-element-56f93e2\" data-id=\"56f93e2\" data-element_type=\"column\">\n\t\t\t<div class=\"elementor-column-wrap elementor-element-populated\">\n\t\t\t\t\t\t\t<div class=\"elementor-widget-wrap\">\n\t\t\t\t\t\t<div class=\"elementor-element elementor-element-712a551 elementor-widget elementor-widget-heading\" data-id=\"712a551\" data-element_type=\"widget\" data-widget_type=\"heading.default\">\n\t\t\t\t<div class=\"elementor-widget-container\">\n\t\t\t<h2 class=\"elementor-heading-title elementor-size-large\">Cong\u00e9 d\u00e9m\u00e9nagement : regardez votre convention collective.<\/h2>\t\t<\/div>\n\t\t\t\t<\/div>\n\t\t\t\t\t\t<\/div>\n\t\t\t\t\t<\/div>\n\t\t<\/div>\n\t\t\t\t\t\t\t\t<\/div>\n\t\t\t\t\t<\/div>\n\t\t<\/section>\n\t\t\t\t<section class=\"elementor-section elementor-top-section elementor-element elementor-element-c2c21fc elementor-section-boxed elementor-section-height-default elementor-section-height-default\" data-id=\"c2c21fc\" data-element_type=\"section\">\n\t\t\t\t\t\t<div class=\"elementor-container elementor-column-gap-default\">\n\t\t\t\t\t\t\t<div class=\"elementor-row\">\n\t\t\t\t\t<div class=\"elementor-column elementor-col-100 elementor-top-column elementor-element elementor-element-406097e\" data-id=\"406097e\" data-element_type=\"column\">\n\t\t\t<div class=\"elementor-column-wrap elementor-element-populated\">\n\t\t\t\t\t\t\t<div class=\"elementor-widget-wrap\">\n\t\t\t\t\t\t<div class=\"elementor-element elementor-element-3d72637 elementor-widget elementor-widget-text-editor\" data-id=\"3d72637\" data-element_type=\"widget\" data-widget_type=\"text-editor.default\">\n\t\t\t\t<div class=\"elementor-widget-container\">\n\t\t\t\t\t<div class=\"elementor-text-editor elementor-clearfix\"><p>Cependant, suivant votre profession, <strong>votre convention, un usage ou un accord collectif<\/strong> peuvent pr\u00e9voir ce fameux cong\u00e9 de d\u00e9m\u00e9nagement. Pour en avoir le c\u0153ur net, reportez-vous \u00e0 la lecture de votre convention collective ou <strong>rapprochez-vous de votre service RH<\/strong>. Par exemple, si vous \u00eates dans la <strong>fonction publique<\/strong>, vous pouvez b\u00e9n\u00e9ficier d\u2019une autorisation d\u2019absence. \u00a0Ainsi, suivant votre secteur, vous pouvez prendre entre un et trois jours d<strong>\u2019autorisation sp\u00e9ciale d\u2019absence<\/strong> pour votre d\u00e9m\u00e9nagement. La prise de ce cong\u00e9 peut \u00eatre soumise \u00e0 un d\u00e9lai de pr\u00e9venance. Alors anticipez et demandez le le plus t\u00f4t possible.<\/p><p>Enfin, <strong>un justificatif est requis<\/strong> pour la validation de votre cong\u00e9 d\u00e9m\u00e9nagement\u00a0: nouveau bail locatif ou devis sign\u00e9 d\u2019un professionnel du d\u00e9m\u00e9nagement par exemple.<\/p><\/div>\n\t\t\t\t<\/div>\n\t\t\t\t<\/div>\n\t\t\t\t\t\t<\/div>\n\t\t\t\t\t<\/div>\n\t\t<\/div>\n\t\t\t\t\t\t\t\t<\/div>\n\t\t\t\t\t<\/div>\n\t\t<\/section>\n\t\t\t\t<section class=\"elementor-section elementor-top-section elementor-element elementor-element-e2c32f3 elementor-section-boxed elementor-section-height-default elementor-section-height-default\" data-id=\"e2c32f3\" data-element_type=\"section\">\n\t\t\t\t\t\t<div class=\"elementor-container elementor-column-gap-default\">\n\t\t\t\t\t\t\t<div class=\"elementor-row\">\n\t\t\t\t\t<div class=\"elementor-column elementor-col-100 elementor-top-column elementor-element elementor-element-6148617\" data-id=\"6148617\" data-element_type=\"column\">\n\t\t\t<div class=\"elementor-column-wrap elementor-element-populated\">\n\t\t\t\t\t\t\t<div class=\"elementor-widget-wrap\">\n\t\t\t\t\t\t<div class=\"elementor-element elementor-element-5578c3a elementor-widget elementor-widget-heading\" data-id=\"5578c3a\" data-element_type=\"widget\" data-widget_type=\"heading.default\">\n\t\t\t\t<div class=\"elementor-widget-container\">\n\t\t\t<h3 class=\"elementor-heading-title elementor-size-large\">D\u00e9m\u00e9nagez facile \u00e0 La R\u00e9union avec Tessiot.<\/h3>\t\t<\/div>\n\t\t\t\t<\/div>\n\t\t\t\t\t\t<\/div>\n\t\t\t\t\t<\/div>\n\t\t<\/div>\n\t\t\t\t\t\t\t\t<\/div>\n\t\t\t\t\t<\/div>\n\t\t<\/section>\n\t\t\t\t<section class=\"elementor-section elementor-top-section elementor-element elementor-element-9036619 elementor-section-boxed elementor-section-height-default elementor-section-height-default\" data-id=\"9036619\" data-element_type=\"section\">\n\t\t\t\t\t\t<div class=\"elementor-container elementor-column-gap-default\">\n\t\t\t\t\t\t\t<div class=\"elementor-row\">\n\t\t\t\t\t<div class=\"elementor-column elementor-col-100 elementor-top-column elementor-element elementor-element-0751d16\" data-id=\"0751d16\" data-element_type=\"column\">\n\t\t\t<div class=\"elementor-column-wrap elementor-element-populated\">\n\t\t\t\t\t\t\t<div class=\"elementor-widget-wrap\">\n\t\t\t\t\t\t<div class=\"elementor-element elementor-element-9ab8261 elementor-widget elementor-widget-text-editor\" data-id=\"9ab8261\" data-element_type=\"widget\" data-widget_type=\"text-editor.default\">\n\t\t\t\t<div class=\"elementor-widget-container\">\n\t\t\t\t\t<div class=\"elementor-text-editor elementor-clearfix\"><p>Un cong\u00e9 de d\u00e9m\u00e9nagement vous permet de mieux organiser votre d\u00e9m\u00e9nagement. En compl\u00e9ment, faites appel \u00e0 Tessiot D\u00e9m\u00e9nagements pour d\u00e9m\u00e9nager en toute s\u00e9r\u00e9nit\u00e9 avec vos proches. Nous mettons \u00e0 votre disposition des <strong>d\u00e9m\u00e9nageurs professionnels<\/strong>, \u00e9quip\u00e9s si besoin d\u2019<a href=\"https:\/\/www.tessiot-demenagement.com\/fr\/un-monte-meuble-pour-demenager\/\">un monte-meubles<\/a> et du mat\u00e9riel n\u00e9cessaire (cartons, couvertures, papier bulles). Alors demandez d\u00e8s maintenant votre visite avec notre expert et <a href=\"http:\/\/www.tessiot-demenagement.com\/lareunion\/devis-demenagement-reunion\/\">recevez votre devis gratuit<\/a> pour votre d\u00e9m\u00e9nagement.<\/p><\/div>\n\t\t\t\t<\/div>\n\t\t\t\t<\/div>\n\t\t\t\t\t\t<\/div>\n\t\t\t\t\t<\/div>\n\t\t<\/div>\n\t\t\t\t\t\t\t\t<\/div>\n\t\t\t\t\t<\/div>\n\t\t<\/section>\n\t\t\t\t<section class=\"elementor-section elementor-top-section elementor-element elementor-element-8979ec0 elementor-section-boxed elementor-section-height-default elementor-section-height-default\" data-id=\"8979ec0\" data-element_type=\"section\">\n\t\t\t\t\t\t<div class=\"elementor-container elementor-column-gap-default\">\n\t\t\t\t\t\t\t<div class=\"elementor-row\">\n\t\t\t\t\t<div class=\"elementor-column elementor-col-100 elementor-top-column elementor-element elementor-element-42881db\" data-id=\"42881db\" data-element_type=\"column\">\n\t\t\t<div class=\"elementor-column-wrap elementor-element-populated\">\n\t\t\t\t\t\t\t<div class=\"elementor-widget-wrap\">\n\t\t\t\t\t\t<div class=\"elementor-element elementor-element-aa5b6d7 elementor-widget elementor-widget-heading\" data-id=\"aa5b6d7\" data-element_type=\"widget\" data-widget_type=\"heading.default\">\n\t\t\t\t<div class=\"elementor-widget-container\">\n\t\t\t<h4 class=\"elementor-heading-title elementor-size-large\">Votre d\u00e9m\u00e9nagement en local et \u00e0 l'International.<\/h4>\t\t<\/div>\n\t\t\t\t<\/div>\n\t\t\t\t\t\t<\/div>\n\t\t\t\t\t<\/div>\n\t\t<\/div>\n\t\t\t\t\t\t\t\t<\/div>\n\t\t\t\t\t<\/div>\n\t\t<\/section>\n\t\t\t\t<section class=\"elementor-section elementor-top-section elementor-element elementor-element-50585f8 elementor-section-boxed elementor-section-height-default elementor-section-height-default\" data-id=\"50585f8\" data-element_type=\"section\">\n\t\t\t\t\t\t<div class=\"elementor-container elementor-column-gap-default\">\n\t\t\t\t\t\t\t<div class=\"elementor-row\">\n\t\t\t\t\t<div class=\"elementor-column elementor-col-66 elementor-top-column elementor-element elementor-element-0c94f14\" data-id=\"0c94f14\" data-element_type=\"column\">\n\t\t\t<div class=\"elementor-column-wrap elementor-element-populated\">\n\t\t\t\t\t\t\t<div class=\"elementor-widget-wrap\">\n\t\t\t\t\t\t<div class=\"elementor-element elementor-element-482faa1 elementor-widget elementor-widget-text-editor\" data-id=\"482faa1\" data-element_type=\"widget\" data-widget_type=\"text-editor.default\">\n\t\t\t\t<div class=\"elementor-widget-container\">\n\t\t\t\t\t<div class=\"elementor-text-editor elementor-clearfix\"><p>Install\u00e9 <strong>\u00e0 Saint-Pierre de La R\u00e9union depuis 1995<\/strong> et \u00e0 <a href=\"http:\/\/www.tessiot-demenagement.com\/mayotte\/\">Mayotte depuis 2006<\/a>, Tessiot D\u00e9m\u00e9nagements vous accompagne pour votre <a href=\"http:\/\/www.tessiot-demenagement.com\/lareunion\/demenager-a-la-reunion\/\">d\u00e9m\u00e9nagement local<\/a>, vers <a href=\"http:\/\/www.tessiot-demenagement.com\/lareunion\/demenager-depuis-et-vers-la-reunion\/\">la M\u00e9tropole<\/a> et \u00e0 l&#8217;International. Notre r\u00e9seau \u00e9tendu de transitaires vous garantissent\u00a0 de d\u00e9m\u00e9nager sereinement. Que ce soit par la route ou en <a href=\"http:\/\/www.tessiot-demenagement.com\/lareunion\/conteneur-personnalise-la-reunion\/\">conteneur maritime personnalis\u00e9<\/a> ou <a href=\"http:\/\/www.tessiot-demenagement.com\/lareunion\/conteneur-de-groupage\/\">de groupage<\/a>, Tessiot vous assure la prestation ad\u00e9quate. Car depuis le d\u00e9but du 20\u00e8me si\u00e8cle, Tessiot est le sp\u00e9cialiste des <a href=\"http:\/\/www.tessiot-demenagement.com\/lareunion\/demenagement-pour-mutation-professionnelle\/\">mutations professionnelles<\/a> et des\u00a0 <a href=\"http:\/\/www.tessiot-demenagement.com\/lareunion\/demenager-suite-a-une-nouvelle-affectation-militaire\/\">nouvelles affectations militaires<\/a>.<\/p><\/div>\n\t\t\t\t<\/div>\n\t\t\t\t<\/div>\n\t\t\t\t\t\t<\/div>\n\t\t\t\t\t<\/div>\n\t\t<\/div>\n\t\t\t\t<div class=\"elementor-column elementor-col-33 elementor-top-column elementor-element elementor-element-4a1ec62\" data-id=\"4a1ec62\" data-element_type=\"column\">\n\t\t\t<div class=\"elementor-column-wrap elementor-element-populated\">\n\t\t\t\t\t\t\t<div class=\"elementor-widget-wrap\">\n\t\t\t\t\t\t<div class=\"elementor-element elementor-element-ad9c294 elementor-align-center elementor-widget elementor-widget-button\" data-id=\"ad9c294\" data-element_type=\"widget\" data-widget_type=\"button.default\">\n\t\t\t\t<div class=\"elementor-widget-container\">\n\t\t\t\t\t<div class=\"elementor-button-wrapper\">\n\t\t\t<a href=\"http:\/\/www.tessiot-demenagement.com\/lareunion\/devis-demenagement-reunion\/\" class=\"elementor-button-link elementor-button elementor-size-lg\" role=\"button\">\n\t\t\t\t\t\t<span class=\"elementor-button-content-wrapper\">\n\t\t\t\t\t\t<span class=\"elementor-button-text\">Demandez votre devis gratuit<\/span>\n\t\t<\/span>\n\t\t\t\t\t<\/a>\n\t\t<\/div>\n\t\t\t\t<\/div>\n\t\t\t\t<\/div>\n\t\t\t\t\t\t<\/div>\n\t\t\t\t\t<\/div>\n\t\t<\/div>\n\t\t\t\t\t\t\t\t<\/div>\n\t\t\t\t\t<\/div>\n\t\t<\/section>\n\t\t\t\t\t\t<\/div>\n\t\t\t\t\t\t<\/div>\n\t\t\t\t\t<\/div>\n\t\t","protected":false},"excerpt":{"rendered":"<p>Le cong\u00e9 pour d\u00e9m\u00e9nager Vous devez d\u00e9m\u00e9nager en semaine et vous devez poser un ou plusieurs jours de cong\u00e9s ?&nbsp;<\/p>\n","protected":false},"author":57,"featured_media":2795,"comment_status":"closed","ping_status":"closed","sticky":false,"template":"","format":"standard","meta":{"spay_email":"","jetpack_publicize_message":"","jetpack_is_tweetstorm":false},"categories":[15],"tags":[],"jetpack_featured_media_url":"http:\/\/www.tessiot-demenagement.com\/lareunion\/wp-content\/uploads\/2021\/03\/DEM-SUPER-ECO-8.png","jetpack_publicize_connections":[],"yoast_head":"<!-- This site is optimized with the Yoast SEO plugin v15.8 - https:\/\/yoast.com\/wordpress\/plugins\/seo\/ -->\n<title>Le cong\u00e9 pour d\u00e9m\u00e9nager - D\u00e9m\u00e9nagement A Tessiot<\/title>\n<meta name=\"description\" content=\"Le cong\u00e9 pour d\u00e9m\u00e9nager Vous devez d\u00e9m\u00e9nager en semaine et vous devez poser un ou plusieurs jours de cong\u00e9s ?&nbsp; Cependant vous voulez tout savoir sur Tessiot La R\u00e9union vous explique tout sur le cong\u00e9 d\u00e9m\u00e9nagement. Demandez votre devis gratuit.\" \/>\n<meta name=\"robots\" content=\"index, follow, max-snippet:-1, max-image-preview:large, max-video-preview:-1\" \/>\n<link rel=\"canonical\" href=\"http:\/\/www.tessiot-demenagement.com\/lareunion\/le-conge-pour-demenager\/\" \/>\n<meta property=\"og:locale\" content=\"fr_FR\" \/>\n<meta property=\"og:type\" content=\"article\" \/>\n<meta property=\"og:title\" content=\"Le cong\u00e9 pour d\u00e9m\u00e9nager - D\u00e9m\u00e9nagement A Tessiot\" \/>\n<meta property=\"og:description\" content=\"Le cong\u00e9 pour d\u00e9m\u00e9nager Vous devez d\u00e9m\u00e9nager en semaine et vous devez poser un ou plusieurs jours de cong\u00e9s ?&nbsp; Cependant vous voulez tout savoir sur Tessiot La R\u00e9union vous explique tout sur le cong\u00e9 d\u00e9m\u00e9nagement. Demandez votre devis gratuit.\" \/>\n<meta property=\"og:url\" content=\"http:\/\/www.tessiot-demenagement.com\/lareunion\/le-conge-pour-demenager\/\" \/>\n<meta property=\"og:site_name\" content=\"D\u00e9m\u00e9nagement A Tessiot\" \/>\n<meta property=\"article:published_time\" content=\"2021-03-02T08:20:26+00:00\" \/>\n<meta property=\"article:modified_time\" content=\"2021-03-03T15:32:34+00:00\" \/>\n<meta property=\"og:image\" content=\"http:\/\/www.tessiot-demenagement.com\/lareunion\/wp-content\/uploads\/2021\/03\/DEM-SUPER-ECO-8.png\" \/>\n\t<meta property=\"og:image:width\" content=\"800\" \/>\n\t<meta property=\"og:image:height\" content=\"500\" \/>\n<meta name=\"twitter:label1\" content=\"Dur\u00e9e de lecture est.\">\n\t<meta name=\"twitter:data1\" content=\"2 minutes\">\n<script type=\"application\/ld+json\" class=\"yoast-schema-graph\">{\"@context\":\"https:\/\/schema.org\",\"@graph\":[{\"@type\":\"WebSite\",\"@id\":\"http:\/\/www.tessiot-demenagement.com\/lareunion\/#website\",\"url\":\"http:\/\/www.tessiot-demenagement.com\/lareunion\/\",\"name\":\"D\\u00e9m\\u00e9nagement A Tessiot\",\"description\":\"votre demenageur specialiste des transferts administratifs et industriels\",\"potentialAction\":[{\"@type\":\"SearchAction\",\"target\":\"http:\/\/www.tessiot-demenagement.com\/lareunion\/?s={search_term_string}\",\"query-input\":\"required name=search_term_string\"}],\"inLanguage\":\"fr-FR\"},{\"@type\":\"ImageObject\",\"@id\":\"http:\/\/www.tessiot-demenagement.com\/lareunion\/le-conge-pour-demenager\/#primaryimage\",\"inLanguage\":\"fr-FR\",\"url\":\"http:\/\/www.tessiot-demenagement.com\/lareunion\/wp-content\/uploads\/2021\/03\/DEM-SUPER-ECO-8.png\",\"width\":800,\"height\":500,\"caption\":\"cong\\u00e9 d\\u00e9m\\u00e9nagement \\u00e0 la r\\u00e9union\"},{\"@type\":\"WebPage\",\"@id\":\"http:\/\/www.tessiot-demenagement.com\/lareunion\/le-conge-pour-demenager\/#webpage\",\"url\":\"http:\/\/www.tessiot-demenagement.com\/lareunion\/le-conge-pour-demenager\/\",\"name\":\"Le cong\\u00e9 pour d\\u00e9m\\u00e9nager - D\\u00e9m\\u00e9nagement A Tessiot\",\"isPartOf\":{\"@id\":\"http:\/\/www.tessiot-demenagement.com\/lareunion\/#website\"},\"primaryImageOfPage\":{\"@id\":\"http:\/\/www.tessiot-demenagement.com\/lareunion\/le-conge-pour-demenager\/#primaryimage\"},\"datePublished\":\"2021-03-02T08:20:26+00:00\",\"dateModified\":\"2021-03-03T15:32:34+00:00\",\"author\":{\"@id\":\"http:\/\/www.tessiot-demenagement.com\/lareunion\/#\/schema\/person\/0e33cd97f8ac49939c48690ccfe948a1\"},\"description\":\"Le cong\\u00e9 pour d\\u00e9m\\u00e9nager Vous devez d\\u00e9m\\u00e9nager en semaine et vous devez poser un ou plusieurs jours de cong\\u00e9s ?&nbsp; Cependant vous voulez tout savoir sur Tessiot La R\\u00e9union vous explique tout sur le cong\\u00e9 d\\u00e9m\\u00e9nagement. Demandez votre devis gratuit.\",\"breadcrumb\":{\"@id\":\"http:\/\/www.tessiot-demenagement.com\/lareunion\/le-conge-pour-demenager\/#breadcrumb\"},\"inLanguage\":\"fr-FR\",\"potentialAction\":[{\"@type\":\"ReadAction\",\"target\":[\"http:\/\/www.tessiot-demenagement.com\/lareunion\/le-conge-pour-demenager\/\"]}]},{\"@type\":\"BreadcrumbList\",\"@id\":\"http:\/\/www.tessiot-demenagement.com\/lareunion\/le-conge-pour-demenager\/#breadcrumb\",\"itemListElement\":[{\"@type\":\"ListItem\",\"position\":1,\"item\":{\"@type\":\"WebPage\",\"@id\":\"http:\/\/www.tessiot-demenagement.com\/lareunion\/le-conge-pour-demenager\/\",\"url\":\"http:\/\/www.tessiot-demenagement.com\/lareunion\/le-conge-pour-demenager\/\",\"name\":\"Le cong\\u00e9 pour d\\u00e9m\\u00e9nager\"}}]},{\"@type\":\"Person\",\"@id\":\"http:\/\/www.tessiot-demenagement.com\/lareunion\/#\/schema\/person\/0e33cd97f8ac49939c48690ccfe948a1\",\"name\":\"nadia Dupuis\",\"image\":{\"@type\":\"ImageObject\",\"@id\":\"http:\/\/www.tessiot-demenagement.com\/lareunion\/#personlogo\",\"inLanguage\":\"fr-FR\",\"url\":\"http:\/\/0.gravatar.com\/avatar\/96454ef9df2f6683043ccb7bef0c4082?s=96&d=mm&r=g\",\"caption\":\"nadia Dupuis\"}}]}<\/script>\n<!-- \/ Yoast SEO plugin. -->","jetpack_sharing_enabled":true,"jetpack_shortlink":"https:\/\/wp.me\/p5eCLF-IX","_links":{"self":[{"href":"http:\/\/www.tessiot-demenagement.com\/lareunion\/wp-json\/wp\/v2\/posts\/2787"}],"collection":[{"href":"http:\/\/www.tessiot-demenagement.com\/lareunion\/wp-json\/wp\/v2\/posts"}],"about":[{"href":"http:\/\/www.tessiot-demenagement.com\/lareunion\/wp-json\/wp\/v2\/types\/post"}],"author":[{"embeddable":true,"href":"http:\/\/www.tessiot-demenagement.com\/lareunion\/wp-json\/wp\/v2\/users\/57"}],"replies":[{"embeddable":true,"href":"http:\/\/www.tessiot-demenagement.com\/lareunion\/wp-json\/wp\/v2\/comments?post=2787"}],"version-history":[{"count":24,"href":"http:\/\/www.tessiot-demenagement.com\/lareunion\/wp-json\/wp\/v2\/posts\/2787\/revisions"}],"predecessor-version":[{"id":2812,"href":"http:\/\/www.tessiot-demenagement.com\/lareunion\/wp-json\/wp\/v2\/posts\/2787\/revisions\/2812"}],"wp:featuredmedia":[{"embeddable":true,"href":"http:\/\/www.tessiot-demenagement.com\/lareunion\/wp-json\/wp\/v2\/media\/2795"}],"wp:attachment":[{"href":"http:\/\/www.tessiot-demenagement.com\/lareunion\/wp-json\/wp\/v2\/media?parent=2787"}],"wp:term":[{"taxonomy":"category","embeddable":true,"href":"http:\/\/www.tessiot-demenagement.com\/lareunion\/wp-json\/wp\/v2\/categories?post=2787"},{"taxonomy":"post_tag","embeddable":true,"href":"http:\/\/www.tessiot-demenagement.com\/lareunion\/wp-json\/wp\/v2\/tags?post=2787"}],"curies":[{"name":"wp","href":"https:\/\/api.w.org\/{rel}","templated":true}]}}