{"id":2589,"date":"2021-02-03T11:15:16","date_gmt":"2021-02-03T11:15:16","guid":{"rendered":"http:\/\/www.tessiot-demenagement.com\/lareunion\/?p=2589"},"modified":"2021-02-03T11:31:40","modified_gmt":"2021-02-03T11:31:40","slug":"trouver-votre-conteneur-personnalise","status":"publish","type":"post","link":"http:\/\/www.tessiot-demenagement.com\/lareunion\/trouver-votre-conteneur-personnalise\/","title":{"rendered":"Trouver votre conteneur"},"content":{"rendered":"\t\t<div data-elementor-type=\"wp-post\" data-elementor-id=\"2589\" class=\"elementor elementor-2589\" data-elementor-settings=\"[]\">\n\t\t\t\t\t\t<div class=\"elementor-inner\">\n\t\t\t\t\t\t\t<div class=\"elementor-section-wrap\">\n\t\t\t\t\t\t\t<section class=\"elementor-section elementor-top-section elementor-element elementor-element-5420084 elementor-section-boxed elementor-section-height-default elementor-section-height-default\" data-id=\"5420084\" data-element_type=\"section\">\n\t\t\t\t\t\t<div class=\"elementor-container elementor-column-gap-default\">\n\t\t\t\t\t\t\t<div class=\"elementor-row\">\n\t\t\t\t\t<div class=\"elementor-column elementor-col-100 elementor-top-column elementor-element elementor-element-0a9a245\" data-id=\"0a9a245\" data-element_type=\"column\">\n\t\t\t<div class=\"elementor-column-wrap elementor-element-populated\">\n\t\t\t\t\t\t\t<div class=\"elementor-widget-wrap\">\n\t\t\t\t\t\t<div class=\"elementor-element elementor-element-866681b elementor-widget elementor-widget-heading\" data-id=\"866681b\" data-element_type=\"widget\" data-widget_type=\"heading.default\">\n\t\t\t\t<div class=\"elementor-widget-container\">\n\t\t\t<h1 class=\"elementor-heading-title elementor-size-xl\">Trouver votre conteneur personnalis\u00e9<\/h1>\t\t<\/div>\n\t\t\t\t<\/div>\n\t\t\t\t\t\t<\/div>\n\t\t\t\t\t<\/div>\n\t\t<\/div>\n\t\t\t\t\t\t\t\t<\/div>\n\t\t\t\t\t<\/div>\n\t\t<\/section>\n\t\t\t\t<section class=\"elementor-section elementor-top-section elementor-element elementor-element-95c8431 elementor-section-boxed elementor-section-height-default elementor-section-height-default\" data-id=\"95c8431\" data-element_type=\"section\">\n\t\t\t\t\t\t<div class=\"elementor-container elementor-column-gap-default\">\n\t\t\t\t\t\t\t<div class=\"elementor-row\">\n\t\t\t\t\t<div class=\"elementor-column elementor-col-100 elementor-top-column elementor-element elementor-element-17e9fa3\" data-id=\"17e9fa3\" data-element_type=\"column\">\n\t\t\t<div class=\"elementor-column-wrap elementor-element-populated\">\n\t\t\t\t\t\t\t<div class=\"elementor-widget-wrap\">\n\t\t\t\t\t\t<div class=\"elementor-element elementor-element-d34df8a elementor-widget elementor-widget-spacer\" data-id=\"d34df8a\" data-element_type=\"widget\" data-widget_type=\"spacer.default\">\n\t\t\t\t<div class=\"elementor-widget-container\">\n\t\t\t\t\t<div class=\"elementor-spacer\">\n\t\t\t<div class=\"elementor-spacer-inner\"><\/div>\n\t\t<\/div>\n\t\t\t\t<\/div>\n\t\t\t\t<\/div>\n\t\t\t\t\t\t<\/div>\n\t\t\t\t\t<\/div>\n\t\t<\/div>\n\t\t\t\t\t\t\t\t<\/div>\n\t\t\t\t\t<\/div>\n\t\t<\/section>\n\t\t\t\t<section class=\"elementor-section elementor-top-section elementor-element elementor-element-960122a elementor-section-boxed elementor-section-height-default elementor-section-height-default\" data-id=\"960122a\" data-element_type=\"section\">\n\t\t\t\t\t\t<div class=\"elementor-container elementor-column-gap-default\">\n\t\t\t\t\t\t\t<div class=\"elementor-row\">\n\t\t\t\t\t<div class=\"elementor-column elementor-col-100 elementor-top-column elementor-element elementor-element-c2c57f0\" data-id=\"c2c57f0\" data-element_type=\"column\">\n\t\t\t<div class=\"elementor-column-wrap elementor-element-populated\">\n\t\t\t\t\t\t\t<div class=\"elementor-widget-wrap\">\n\t\t\t\t\t\t<div class=\"elementor-element elementor-element-afdce3f elementor-widget elementor-widget-text-editor\" data-id=\"afdce3f\" data-element_type=\"widget\" data-widget_type=\"text-editor.default\">\n\t\t\t\t<div class=\"elementor-widget-container\">\n\t\t\t\t\t<div class=\"elementor-text-editor elementor-clearfix\"><p>Vous devez d\u00e9m\u00e9nager sur l\u2019\u00eele de La R\u00e9union ou vers Mayotte ? Vous devez trouver votre conteneur personnalis\u00e9 pour transporter vos affaires en toute s\u00e9curit\u00e9 de la M\u00e9tropole vers l\u2019Oc\u00e9an Indien ?<\/p><p>Contrairement au groupage, le conteneur personnalis\u00e9 est\u00a0<strong>un conteneur qui vous sera enti\u00e8rement d\u00e9di\u00e9<\/strong>\u00a0pour votre d\u00e9m\u00e9nagement ou pour votre\u00a0envoi de voiture.\u00a0Il faut savoir que le conteneur personnalis\u00e9 a plusieurs avantages.<\/p><\/div>\n\t\t\t\t<\/div>\n\t\t\t\t<\/div>\n\t\t\t\t\t\t<\/div>\n\t\t\t\t\t<\/div>\n\t\t<\/div>\n\t\t\t\t\t\t\t\t<\/div>\n\t\t\t\t\t<\/div>\n\t\t<\/section>\n\t\t\t\t<section class=\"elementor-section elementor-top-section elementor-element elementor-element-7fb3722 elementor-section-boxed elementor-section-height-default elementor-section-height-default\" data-id=\"7fb3722\" data-element_type=\"section\">\n\t\t\t\t\t\t<div class=\"elementor-container elementor-column-gap-default\">\n\t\t\t\t\t\t\t<div class=\"elementor-row\">\n\t\t\t\t\t<div class=\"elementor-column elementor-col-100 elementor-top-column elementor-element elementor-element-5bcc251\" data-id=\"5bcc251\" data-element_type=\"column\">\n\t\t\t<div class=\"elementor-column-wrap elementor-element-populated\">\n\t\t\t\t\t\t\t<div class=\"elementor-widget-wrap\">\n\t\t\t\t\t\t<div class=\"elementor-element elementor-element-db6803f elementor-widget elementor-widget-heading\" data-id=\"db6803f\" data-element_type=\"widget\" data-widget_type=\"heading.default\">\n\t\t\t\t<div class=\"elementor-widget-container\">\n\t\t\t<h2 class=\"elementor-heading-title elementor-size-large\">Plusieurs tailles de conteneurs disponibles.<\/h2>\t\t<\/div>\n\t\t\t\t<\/div>\n\t\t\t\t\t\t<\/div>\n\t\t\t\t\t<\/div>\n\t\t<\/div>\n\t\t\t\t\t\t\t\t<\/div>\n\t\t\t\t\t<\/div>\n\t\t<\/section>\n\t\t\t\t<section class=\"elementor-section elementor-top-section elementor-element elementor-element-4d27df9 elementor-section-boxed elementor-section-height-default elementor-section-height-default\" data-id=\"4d27df9\" data-element_type=\"section\">\n\t\t\t\t\t\t<div class=\"elementor-container elementor-column-gap-default\">\n\t\t\t\t\t\t\t<div class=\"elementor-row\">\n\t\t\t\t\t<div class=\"elementor-column elementor-col-100 elementor-top-column elementor-element elementor-element-0bab073\" data-id=\"0bab073\" data-element_type=\"column\">\n\t\t\t<div class=\"elementor-column-wrap elementor-element-populated\">\n\t\t\t\t\t\t\t<div class=\"elementor-widget-wrap\">\n\t\t\t\t\t\t<div class=\"elementor-element elementor-element-f2420b6 elementor-widget elementor-widget-text-editor\" data-id=\"f2420b6\" data-element_type=\"widget\" data-widget_type=\"text-editor.default\">\n\t\t\t\t<div class=\"elementor-widget-container\">\n\t\t\t\t\t<div class=\"elementor-text-editor elementor-clearfix\"><p>Selon le mod\u00e8le, vous pouvez charger :<\/p><ul><li>33m3 (soit le mobilier standard d\u2019un F3\/F4) dans un conteneur 20 pieds,<\/li><li>66m3 (soit un v\u00e9hicule + mobilier standard d\u2019un F3\/F4) dans un conteneur 40 pieds,<\/li><li>76m3 (soit un v\u00e9hicule + mobilier standard d\u2019un F4\/F5) dans un conteneur 40 pieds high cube.<\/li><\/ul><\/div>\n\t\t\t\t<\/div>\n\t\t\t\t<\/div>\n\t\t\t\t\t\t<\/div>\n\t\t\t\t\t<\/div>\n\t\t<\/div>\n\t\t\t\t\t\t\t\t<\/div>\n\t\t\t\t\t<\/div>\n\t\t<\/section>\n\t\t\t\t<section class=\"elementor-section elementor-top-section elementor-element elementor-element-c1b9ce7 elementor-section-boxed elementor-section-height-default elementor-section-height-default\" data-id=\"c1b9ce7\" data-element_type=\"section\">\n\t\t\t\t\t\t<div class=\"elementor-container elementor-column-gap-default\">\n\t\t\t\t\t\t\t<div class=\"elementor-row\">\n\t\t\t\t\t<div class=\"elementor-column elementor-col-50 elementor-top-column elementor-element elementor-element-7f55cbe\" data-id=\"7f55cbe\" data-element_type=\"column\">\n\t\t\t<div class=\"elementor-column-wrap elementor-element-populated\">\n\t\t\t\t\t\t\t<div class=\"elementor-widget-wrap\">\n\t\t\t\t\t\t<div class=\"elementor-element elementor-element-8e1b964 elementor-widget elementor-widget-image\" data-id=\"8e1b964\" data-element_type=\"widget\" data-widget_type=\"image.default\">\n\t\t\t\t<div class=\"elementor-widget-container\">\n\t\t\t\t\t<div class=\"elementor-image\">\n\t\t\t\t\t\t\t<figure class=\"wp-caption\">\n\t\t\t\t\t\t\t\t\t\t<img width=\"300\" height=\"269\" src=\"http:\/\/www.tessiot-demenagement.com\/lareunion\/wp-content\/uploads\/2021\/02\/chargement-moto-300x269.jpg\" class=\"attachment-medium size-medium\" alt=\"container pour la r\u00e9union\" loading=\"lazy\" srcset=\"http:\/\/www.tessiot-demenagement.com\/lareunion\/wp-content\/uploads\/2021\/02\/chargement-moto-300x269.jpg 300w, http:\/\/www.tessiot-demenagement.com\/lareunion\/wp-content\/uploads\/2021\/02\/chargement-moto-1024x917.jpg 1024w, http:\/\/www.tessiot-demenagement.com\/lareunion\/wp-content\/uploads\/2021\/02\/chargement-moto-768x688.jpg 768w, http:\/\/www.tessiot-demenagement.com\/lareunion\/wp-content\/uploads\/2021\/02\/chargement-moto-1536x1376.jpg 1536w, http:\/\/www.tessiot-demenagement.com\/lareunion\/wp-content\/uploads\/2021\/02\/chargement-moto-2048x1834.jpg 2048w\" sizes=\"(max-width: 300px) 100vw, 300px\" \/>\t\t\t\t\t\t\t\t\t\t\t<figcaption class=\"widget-image-caption wp-caption-text\">Caisse sur-mesure pour exp\u00e9dier une moto depuis la M\u00e9tropole vers  La R\u00e9union.<\/figcaption>\n\t\t\t\t\t\t\t\t\t\t<\/figure>\n\t\t\t\t\t<\/div>\n\t\t\t\t<\/div>\n\t\t\t\t<\/div>\n\t\t\t\t\t\t<\/div>\n\t\t\t\t\t<\/div>\n\t\t<\/div>\n\t\t\t\t<div class=\"elementor-column elementor-col-50 elementor-top-column elementor-element elementor-element-5869abc\" data-id=\"5869abc\" data-element_type=\"column\">\n\t\t\t<div class=\"elementor-column-wrap elementor-element-populated\">\n\t\t\t\t\t\t\t<div class=\"elementor-widget-wrap\">\n\t\t\t\t\t\t<div class=\"elementor-element elementor-element-625e277 elementor-widget elementor-widget-image\" data-id=\"625e277\" data-element_type=\"widget\" data-widget_type=\"image.default\">\n\t\t\t\t<div class=\"elementor-widget-container\">\n\t\t\t\t\t<div class=\"elementor-image\">\n\t\t\t\t\t\t\t<figure class=\"wp-caption\">\n\t\t\t\t\t\t\t\t\t\t<img width=\"294\" height=\"163\" src=\"http:\/\/www.tessiot-demenagement.com\/lareunion\/wp-content\/uploads\/2015\/12\/vl-groupage.png\" class=\"attachment-large size-large\" alt=\"transportez votre voiture dans les dom tom et en m\u00e9tropole.\" loading=\"lazy\" \/>\t\t\t\t\t\t\t\t\t\t\t<figcaption class=\"widget-image-caption wp-caption-text\">Transport en conteneur d'une voiture  avant chargement des effets personnels.<\/figcaption>\n\t\t\t\t\t\t\t\t\t\t<\/figure>\n\t\t\t\t\t<\/div>\n\t\t\t\t<\/div>\n\t\t\t\t<\/div>\n\t\t\t\t\t\t<\/div>\n\t\t\t\t\t<\/div>\n\t\t<\/div>\n\t\t\t\t\t\t\t\t<\/div>\n\t\t\t\t\t<\/div>\n\t\t<\/section>\n\t\t\t\t<section class=\"elementor-section elementor-top-section elementor-element elementor-element-33f7559 elementor-section-boxed elementor-section-height-default elementor-section-height-default\" data-id=\"33f7559\" data-element_type=\"section\">\n\t\t\t\t\t\t<div class=\"elementor-container elementor-column-gap-default\">\n\t\t\t\t\t\t\t<div class=\"elementor-row\">\n\t\t\t\t\t<div class=\"elementor-column elementor-col-100 elementor-top-column elementor-element elementor-element-b706c68\" data-id=\"b706c68\" data-element_type=\"column\">\n\t\t\t<div class=\"elementor-column-wrap elementor-element-populated\">\n\t\t\t\t\t\t\t<div class=\"elementor-widget-wrap\">\n\t\t\t\t\t\t<div class=\"elementor-element elementor-element-4f986f9 elementor-widget elementor-widget-heading\" data-id=\"4f986f9\" data-element_type=\"widget\" data-widget_type=\"heading.default\">\n\t\t\t\t<div class=\"elementor-widget-container\">\n\t\t\t<h3 class=\"elementor-heading-title elementor-size-large\">Des d\u00e9lais d'attente r\u00e9duits.<\/h3>\t\t<\/div>\n\t\t\t\t<\/div>\n\t\t\t\t\t\t<\/div>\n\t\t\t\t\t<\/div>\n\t\t<\/div>\n\t\t\t\t\t\t\t\t<\/div>\n\t\t\t\t\t<\/div>\n\t\t<\/section>\n\t\t\t\t<section class=\"elementor-section elementor-top-section elementor-element elementor-element-b952333 elementor-section-boxed elementor-section-height-default elementor-section-height-default\" data-id=\"b952333\" data-element_type=\"section\">\n\t\t\t\t\t\t<div class=\"elementor-container elementor-column-gap-default\">\n\t\t\t\t\t\t\t<div class=\"elementor-row\">\n\t\t\t\t\t<div class=\"elementor-column elementor-col-100 elementor-top-column elementor-element elementor-element-6a908f1\" data-id=\"6a908f1\" data-element_type=\"column\">\n\t\t\t<div class=\"elementor-column-wrap elementor-element-populated\">\n\t\t\t\t\t\t\t<div class=\"elementor-widget-wrap\">\n\t\t\t\t\t\t<div class=\"elementor-element elementor-element-251b97e elementor-widget elementor-widget-text-editor\" data-id=\"251b97e\" data-element_type=\"widget\" data-widget_type=\"text-editor.default\">\n\t\t\t\t<div class=\"elementor-widget-container\">\n\t\t\t\t\t<div class=\"elementor-text-editor elementor-clearfix\"><p>L\u2019avantage pour vous d\u2019opter pour un conteneur personnalis\u00e9 est qu\u2019il part sur le prochain navire. Vous b\u00e9n\u00e9ficiez de\u00a0<strong>d\u00e9lais d\u2019attente r\u00e9duits<\/strong>\u00a0par rapport \u00e0\u00a0un conteneur de groupage. Le conteneur est\u00a0<strong>plomb\u00e9 \u00e0 votre adresse de chargement<\/strong>\u00a0et d\u00e9plomb\u00e9 \u00e0 votre adresse de livraison. Qui plus est, c\u2019est un moyen de\u00a0<strong>transport s\u00e9curis\u00e9<\/strong>.<\/p><\/div>\n\t\t\t\t<\/div>\n\t\t\t\t<\/div>\n\t\t\t\t\t\t<\/div>\n\t\t\t\t\t<\/div>\n\t\t<\/div>\n\t\t\t\t\t\t\t\t<\/div>\n\t\t\t\t\t<\/div>\n\t\t<\/section>\n\t\t\t\t<section class=\"elementor-section elementor-top-section elementor-element elementor-element-ed46368 elementor-section-boxed elementor-section-height-default elementor-section-height-default\" data-id=\"ed46368\" data-element_type=\"section\">\n\t\t\t\t\t\t<div class=\"elementor-container elementor-column-gap-default\">\n\t\t\t\t\t\t\t<div class=\"elementor-row\">\n\t\t\t\t\t<div class=\"elementor-column elementor-col-100 elementor-top-column elementor-element elementor-element-38a01ea\" data-id=\"38a01ea\" data-element_type=\"column\">\n\t\t\t<div class=\"elementor-column-wrap elementor-element-populated\">\n\t\t\t\t\t\t\t<div class=\"elementor-widget-wrap\">\n\t\t\t\t\t\t<div class=\"elementor-element elementor-element-29f981f elementor-widget elementor-widget-heading\" data-id=\"29f981f\" data-element_type=\"widget\" data-widget_type=\"heading.default\">\n\t\t\t\t<div class=\"elementor-widget-container\">\n\t\t\t<h4 class=\"elementor-heading-title elementor-size-large\">Le chargement du conteneur, une affaire de professionnels.<\/h4>\t\t<\/div>\n\t\t\t\t<\/div>\n\t\t\t\t\t\t<\/div>\n\t\t\t\t\t<\/div>\n\t\t<\/div>\n\t\t\t\t\t\t\t\t<\/div>\n\t\t\t\t\t<\/div>\n\t\t<\/section>\n\t\t\t\t<section class=\"elementor-section elementor-top-section elementor-element elementor-element-4a7eb2b elementor-section-boxed elementor-section-height-default elementor-section-height-default\" data-id=\"4a7eb2b\" data-element_type=\"section\">\n\t\t\t\t\t\t<div class=\"elementor-container elementor-column-gap-default\">\n\t\t\t\t\t\t\t<div class=\"elementor-row\">\n\t\t\t\t\t<div class=\"elementor-column elementor-col-100 elementor-top-column elementor-element elementor-element-db2b957\" data-id=\"db2b957\" data-element_type=\"column\">\n\t\t\t<div class=\"elementor-column-wrap elementor-element-populated\">\n\t\t\t\t\t\t\t<div class=\"elementor-widget-wrap\">\n\t\t\t\t\t\t<div class=\"elementor-element elementor-element-545cb98 elementor-widget elementor-widget-text-editor\" data-id=\"545cb98\" data-element_type=\"widget\" data-widget_type=\"text-editor.default\">\n\t\t\t\t<div class=\"elementor-widget-container\">\n\t\t\t\t\t<div class=\"elementor-text-editor elementor-clearfix\"><p>\u00c9vitez surtout de charger vous-m\u00eame vos effets personnels dans le conteneur. Le calage de la marchandise dans un conteneur est tr\u00e8s sp\u00e9cifique. En effet, 40 jours de mer peuvent ais\u00e9ment alt\u00e9rer votre calage. Et l\u2019assurance ne prendra pas en charge les lots cass\u00e9s si\u00a0<strong>votre empotage<\/strong>\u00a0(le chargement en conteneur) n\u2019a pas \u00e9t\u00e9 r\u00e9alis\u00e9 par un professionnel.<\/p><p>De m\u00eame, l\u2019emballage de vos effets doit \u00eatre doubl\u00e9 par rapport \u00e0 un d\u00e9m\u00e9nagement standard, et les meubles enti\u00e8rement emball\u00e9s avec du papier bulle. Si vous emballez vous-m\u00eame vos effets dans les cartons, vous ne pourrez pas pr\u00e9tendre \u00e0 un remboursement de l\u2019assurance en cas de casse.<\/p><p>De fait, un d\u00e9m\u00e9nagement vers ou depuis l\u2019Outre-mer demande beaucoup de\u00a0<strong>rigueur et de savoir-faire<\/strong>. Pour votre d\u00e9m\u00e9nagement ou un envoi particulier, demandez conseil aupr\u00e8s de Tessiot D\u00e9m\u00e9nagements.<\/p><\/div>\n\t\t\t\t<\/div>\n\t\t\t\t<\/div>\n\t\t\t\t\t\t<\/div>\n\t\t\t\t\t<\/div>\n\t\t<\/div>\n\t\t\t\t\t\t\t\t<\/div>\n\t\t\t\t\t<\/div>\n\t\t<\/section>\n\t\t\t\t<section class=\"elementor-section elementor-top-section elementor-element elementor-element-33e07c3 elementor-section-boxed elementor-section-height-default elementor-section-height-default\" data-id=\"33e07c3\" data-element_type=\"section\">\n\t\t\t\t\t\t<div class=\"elementor-container elementor-column-gap-default\">\n\t\t\t\t\t\t\t<div class=\"elementor-row\">\n\t\t\t\t\t<div class=\"elementor-column elementor-col-100 elementor-top-column elementor-element elementor-element-54a48da\" data-id=\"54a48da\" data-element_type=\"column\">\n\t\t\t<div class=\"elementor-column-wrap elementor-element-populated\">\n\t\t\t\t\t\t\t<div class=\"elementor-widget-wrap\">\n\t\t\t\t\t\t<div class=\"elementor-element elementor-element-405a284 elementor-widget elementor-widget-heading\" data-id=\"405a284\" data-element_type=\"widget\" data-widget_type=\"heading.default\">\n\t\t\t\t<div class=\"elementor-widget-container\">\n\t\t\t<h5 class=\"elementor-heading-title elementor-size-large\">Demandez votre devis pour votre conteneur.<\/h5>\t\t<\/div>\n\t\t\t\t<\/div>\n\t\t\t\t\t\t<\/div>\n\t\t\t\t\t<\/div>\n\t\t<\/div>\n\t\t\t\t\t\t\t\t<\/div>\n\t\t\t\t\t<\/div>\n\t\t<\/section>\n\t\t\t\t<section class=\"elementor-section elementor-top-section elementor-element elementor-element-d048c78 elementor-section-boxed elementor-section-height-default elementor-section-height-default\" data-id=\"d048c78\" data-element_type=\"section\">\n\t\t\t\t\t\t<div class=\"elementor-container elementor-column-gap-default\">\n\t\t\t\t\t\t\t<div class=\"elementor-row\">\n\t\t\t\t\t<div class=\"elementor-column elementor-col-66 elementor-top-column elementor-element elementor-element-61c183e\" data-id=\"61c183e\" data-element_type=\"column\">\n\t\t\t<div class=\"elementor-column-wrap elementor-element-populated\">\n\t\t\t\t\t\t\t<div class=\"elementor-widget-wrap\">\n\t\t\t\t\t\t<div class=\"elementor-element elementor-element-1678ced elementor-widget elementor-widget-text-editor\" data-id=\"1678ced\" data-element_type=\"widget\" data-widget_type=\"text-editor.default\">\n\t\t\t\t<div class=\"elementor-widget-container\">\n\t\t\t\t\t<div class=\"elementor-text-editor elementor-clearfix\"><p><strong>Cr\u00e9\u00e9 en 1868<\/strong>, Tessiot D\u00e9m\u00e9nagements est sp\u00e9cialiste des d\u00e9m\u00e9nagements et de l\u2019envoi de v\u00e9hicules par conteneur. Cette exp\u00e9rience et son\u00a0<strong>r\u00e9seau \u00e9tendu de partenaires<\/strong>\u00a0vous garantissent le juste tarif pour votre transport.\u00a0<strong>Install\u00e9 depuis 1995 \u00e0 Saint-Pierre<\/strong>\u00a0de La R\u00e9union, et depuis 2006 \u00e0 Mamoudzou<a href=\"http:\/\/www.tessiot-demenagement.com\/mayotte\/\"> \u00e0 Mayotte<\/a>, nos \u00e9quipes vous assurent un soutien sur place.<\/p><\/div>\n\t\t\t\t<\/div>\n\t\t\t\t<\/div>\n\t\t\t\t\t\t<\/div>\n\t\t\t\t\t<\/div>\n\t\t<\/div>\n\t\t\t\t<div class=\"elementor-column elementor-col-33 elementor-top-column elementor-element elementor-element-1f29cd5\" data-id=\"1f29cd5\" data-element_type=\"column\">\n\t\t\t<div class=\"elementor-column-wrap elementor-element-populated\">\n\t\t\t\t\t\t\t<div class=\"elementor-widget-wrap\">\n\t\t\t\t\t\t<div class=\"elementor-element elementor-element-1781bb7 elementor-widget elementor-widget-button\" data-id=\"1781bb7\" data-element_type=\"widget\" data-widget_type=\"button.default\">\n\t\t\t\t<div class=\"elementor-widget-container\">\n\t\t\t\t\t<div class=\"elementor-button-wrapper\">\n\t\t\t<a href=\"http:\/\/www.tessiot-demenagement.com\/lareunion\/devis-demenagement-reunion\/\" class=\"elementor-button-link elementor-button elementor-size-lg\" role=\"button\">\n\t\t\t\t\t\t<span class=\"elementor-button-content-wrapper\">\n\t\t\t\t\t\t<span class=\"elementor-button-text\">Demandez votre devis gratuit<\/span>\n\t\t<\/span>\n\t\t\t\t\t<\/a>\n\t\t<\/div>\n\t\t\t\t<\/div>\n\t\t\t\t<\/div>\n\t\t\t\t\t\t<\/div>\n\t\t\t\t\t<\/div>\n\t\t<\/div>\n\t\t\t\t\t\t\t\t<\/div>\n\t\t\t\t\t<\/div>\n\t\t<\/section>\n\t\t\t\t\t\t<\/div>\n\t\t\t\t\t\t<\/div>\n\t\t\t\t\t<\/div>\n\t\t","protected":false},"excerpt":{"rendered":"<p>Trouver votre conteneur personnalis\u00e9 Vous devez d\u00e9m\u00e9nager sur l\u2019\u00eele de La R\u00e9union ou vers Mayotte ? Vous devez trouver votre<\/p>\n","protected":false},"author":57,"featured_media":2595,"comment_status":"closed","ping_status":"closed","sticky":false,"template":"","format":"standard","meta":{"spay_email":"","jetpack_publicize_message":"","jetpack_is_tweetstorm":false},"categories":[14],"tags":[],"jetpack_featured_media_url":"http:\/\/www.tessiot-demenagement.com\/lareunion\/wp-content\/uploads\/2021\/02\/kisspng-intermodal-container-shipping-container-freight-tr-5affd74156cf06.6862986315267162253556.png","jetpack_publicize_connections":[],"yoast_head":"<!-- This site is optimized with the Yoast SEO plugin v15.8 - https:\/\/yoast.com\/wordpress\/plugins\/seo\/ -->\n<title>Trouver votre conteneur - D\u00e9m\u00e9nagement A Tessiot<\/title>\n<meta name=\"description\" content=\"Trouver votre conteneur personnalis\u00e9 Vous devez d\u00e9m\u00e9nager sur l\u2019\u00eele de La R\u00e9union ou vers Mayotte ? Vous devez trouver votre conteneur personnalis\u00e9 pour Vous voulez savoir comment envoyer un conteneur vers les DOM TOM ? Tessiot D\u00e9m\u00e9nagements vous explique tout. Demandez votre devis gratuit.\" \/>\n<meta name=\"robots\" content=\"index, follow, max-snippet:-1, max-image-preview:large, max-video-preview:-1\" \/>\n<link rel=\"canonical\" href=\"http:\/\/www.tessiot-demenagement.com\/lareunion\/trouver-votre-conteneur-personnalise\/\" \/>\n<meta property=\"og:locale\" content=\"fr_FR\" \/>\n<meta property=\"og:type\" content=\"article\" \/>\n<meta property=\"og:title\" content=\"Trouver votre conteneur - D\u00e9m\u00e9nagement A Tessiot\" \/>\n<meta property=\"og:description\" content=\"Trouver votre conteneur personnalis\u00e9 Vous devez d\u00e9m\u00e9nager sur l\u2019\u00eele de La R\u00e9union ou vers Mayotte ? Vous devez trouver votre conteneur personnalis\u00e9 pour Vous voulez savoir comment envoyer un conteneur vers les DOM TOM ? Tessiot D\u00e9m\u00e9nagements vous explique tout. Demandez votre devis gratuit.\" \/>\n<meta property=\"og:url\" content=\"http:\/\/www.tessiot-demenagement.com\/lareunion\/trouver-votre-conteneur-personnalise\/\" \/>\n<meta property=\"og:site_name\" content=\"D\u00e9m\u00e9nagement A Tessiot\" \/>\n<meta property=\"article:published_time\" content=\"2021-02-03T11:15:16+00:00\" \/>\n<meta property=\"article:modified_time\" content=\"2021-02-03T11:31:40+00:00\" \/>\n<meta property=\"og:image\" content=\"http:\/\/www.tessiot-demenagement.com\/lareunion\/wp-content\/uploads\/2021\/02\/kisspng-intermodal-container-shipping-container-freight-tr-5affd74156cf06.6862986315267162253556.png\" \/>\n\t<meta property=\"og:image:width\" content=\"800\" \/>\n\t<meta property=\"og:image:height\" content=\"471\" \/>\n<meta name=\"twitter:label1\" content=\"Dur\u00e9e de lecture est.\">\n\t<meta name=\"twitter:data1\" content=\"3 minutes\">\n<script type=\"application\/ld+json\" class=\"yoast-schema-graph\">{\"@context\":\"https:\/\/schema.org\",\"@graph\":[{\"@type\":\"WebSite\",\"@id\":\"http:\/\/www.tessiot-demenagement.com\/lareunion\/#website\",\"url\":\"http:\/\/www.tessiot-demenagement.com\/lareunion\/\",\"name\":\"D\\u00e9m\\u00e9nagement A Tessiot\",\"description\":\"votre demenageur specialiste des transferts administratifs et industriels\",\"potentialAction\":[{\"@type\":\"SearchAction\",\"target\":\"http:\/\/www.tessiot-demenagement.com\/lareunion\/?s={search_term_string}\",\"query-input\":\"required name=search_term_string\"}],\"inLanguage\":\"fr-FR\"},{\"@type\":\"ImageObject\",\"@id\":\"http:\/\/www.tessiot-demenagement.com\/lareunion\/trouver-votre-conteneur-personnalise\/#primaryimage\",\"inLanguage\":\"fr-FR\",\"url\":\"http:\/\/www.tessiot-demenagement.com\/lareunion\/wp-content\/uploads\/2021\/02\/kisspng-intermodal-container-shipping-container-freight-tr-5affd74156cf06.6862986315267162253556.png\",\"width\":800,\"height\":471},{\"@type\":\"WebPage\",\"@id\":\"http:\/\/www.tessiot-demenagement.com\/lareunion\/trouver-votre-conteneur-personnalise\/#webpage\",\"url\":\"http:\/\/www.tessiot-demenagement.com\/lareunion\/trouver-votre-conteneur-personnalise\/\",\"name\":\"Trouver votre conteneur - D\\u00e9m\\u00e9nagement A Tessiot\",\"isPartOf\":{\"@id\":\"http:\/\/www.tessiot-demenagement.com\/lareunion\/#website\"},\"primaryImageOfPage\":{\"@id\":\"http:\/\/www.tessiot-demenagement.com\/lareunion\/trouver-votre-conteneur-personnalise\/#primaryimage\"},\"datePublished\":\"2021-02-03T11:15:16+00:00\",\"dateModified\":\"2021-02-03T11:31:40+00:00\",\"author\":{\"@id\":\"http:\/\/www.tessiot-demenagement.com\/lareunion\/#\/schema\/person\/0e33cd97f8ac49939c48690ccfe948a1\"},\"description\":\"Trouver votre conteneur personnalis\\u00e9 Vous devez d\\u00e9m\\u00e9nager sur l\\u2019\\u00eele de La R\\u00e9union ou vers Mayotte ? Vous devez trouver votre conteneur personnalis\\u00e9 pour Vous voulez savoir comment envoyer un conteneur vers les DOM TOM ? Tessiot D\\u00e9m\\u00e9nagements vous explique tout. Demandez votre devis gratuit.\",\"breadcrumb\":{\"@id\":\"http:\/\/www.tessiot-demenagement.com\/lareunion\/trouver-votre-conteneur-personnalise\/#breadcrumb\"},\"inLanguage\":\"fr-FR\",\"potentialAction\":[{\"@type\":\"ReadAction\",\"target\":[\"http:\/\/www.tessiot-demenagement.com\/lareunion\/trouver-votre-conteneur-personnalise\/\"]}]},{\"@type\":\"BreadcrumbList\",\"@id\":\"http:\/\/www.tessiot-demenagement.com\/lareunion\/trouver-votre-conteneur-personnalise\/#breadcrumb\",\"itemListElement\":[{\"@type\":\"ListItem\",\"position\":1,\"item\":{\"@type\":\"WebPage\",\"@id\":\"http:\/\/www.tessiot-demenagement.com\/lareunion\/trouver-votre-conteneur-personnalise\/\",\"url\":\"http:\/\/www.tessiot-demenagement.com\/lareunion\/trouver-votre-conteneur-personnalise\/\",\"name\":\"Trouver votre conteneur\"}}]},{\"@type\":\"Person\",\"@id\":\"http:\/\/www.tessiot-demenagement.com\/lareunion\/#\/schema\/person\/0e33cd97f8ac49939c48690ccfe948a1\",\"name\":\"nadia Dupuis\",\"image\":{\"@type\":\"ImageObject\",\"@id\":\"http:\/\/www.tessiot-demenagement.com\/lareunion\/#personlogo\",\"inLanguage\":\"fr-FR\",\"url\":\"http:\/\/0.gravatar.com\/avatar\/96454ef9df2f6683043ccb7bef0c4082?s=96&d=mm&r=g\",\"caption\":\"nadia Dupuis\"}}]}<\/script>\n<!-- \/ Yoast SEO plugin. -->","jetpack_sharing_enabled":true,"jetpack_shortlink":"https:\/\/wp.me\/p5eCLF-FL","_links":{"self":[{"href":"http:\/\/www.tessiot-demenagement.com\/lareunion\/wp-json\/wp\/v2\/posts\/2589"}],"collection":[{"href":"http:\/\/www.tessiot-demenagement.com\/lareunion\/wp-json\/wp\/v2\/posts"}],"about":[{"href":"http:\/\/www.tessiot-demenagement.com\/lareunion\/wp-json\/wp\/v2\/types\/post"}],"author":[{"embeddable":true,"href":"http:\/\/www.tessiot-demenagement.com\/lareunion\/wp-json\/wp\/v2\/users\/57"}],"replies":[{"embeddable":true,"href":"http:\/\/www.tessiot-demenagement.com\/lareunion\/wp-json\/wp\/v2\/comments?post=2589"}],"version-history":[{"count":9,"href":"http:\/\/www.tessiot-demenagement.com\/lareunion\/wp-json\/wp\/v2\/posts\/2589\/revisions"}],"predecessor-version":[{"id":2600,"href":"http:\/\/www.tessiot-demenagement.com\/lareunion\/wp-json\/wp\/v2\/posts\/2589\/revisions\/2600"}],"wp:featuredmedia":[{"embeddable":true,"href":"http:\/\/www.tessiot-demenagement.com\/lareunion\/wp-json\/wp\/v2\/media\/2595"}],"wp:attachment":[{"href":"http:\/\/www.tessiot-demenagement.com\/lareunion\/wp-json\/wp\/v2\/media?parent=2589"}],"wp:term":[{"taxonomy":"category","embeddable":true,"href":"http:\/\/www.tessiot-demenagement.com\/lareunion\/wp-json\/wp\/v2\/categories?post=2589"},{"taxonomy":"post_tag","embeddable":true,"href":"http:\/\/www.tessiot-demenagement.com\/lareunion\/wp-json\/wp\/v2\/tags?post=2589"}],"curies":[{"name":"wp","href":"https:\/\/api.w.org\/{rel}","templated":true}]}}