{"id":1,"date":"2014-01-01T14:22:08","date_gmt":"2014-01-01T14:22:08","guid":{"rendered":"http:\/\/www.tessiot-demenagement.com\/lareunion\/?p=1"},"modified":"2015-01-15T05:14:01","modified_gmt":"2015-01-15T05:14:01","slug":"la-reunion-patrimoine-de-lunesco","status":"publish","type":"post","link":"http:\/\/www.tessiot-demenagement.com\/lareunion\/la-reunion-patrimoine-de-lunesco\/","title":{"rendered":"La R\u00e9union patrimoine de l&#8217;UNESCO"},"content":{"rendered":"<p><a href=\"http:\/\/www.tessiot-demenagement.com\/lareunion\/wp-content\/uploads\/2014\/01\/111.jpg\"><img loading=\"lazy\" class=\"size-medium wp-image-77 alignleft\" title=\"11\" alt=\"\" src=\"http:\/\/www.tessiot-demenagement.com\/lareunion\/wp-content\/uploads\/2014\/01\/111-300x225.jpg\" width=\"300\" height=\"225\" srcset=\"http:\/\/www.tessiot-demenagement.com\/lareunion\/wp-content\/uploads\/2014\/01\/111-300x225.jpg 300w, http:\/\/www.tessiot-demenagement.com\/lareunion\/wp-content\/uploads\/2014\/01\/111-1024x768.jpg 1024w, http:\/\/www.tessiot-demenagement.com\/lareunion\/wp-content\/uploads\/2014\/01\/111-768x576.jpg 768w, http:\/\/www.tessiot-demenagement.com\/lareunion\/wp-content\/uploads\/2014\/01\/111-1536x1152.jpg 1536w, http:\/\/www.tessiot-demenagement.com\/lareunion\/wp-content\/uploads\/2014\/01\/111.jpg 2048w\" sizes=\"(max-width: 300px) 100vw, 300px\" \/><\/a>L&#8217;\u00eele de la R\u00e9union, d\u00e9partement fran\u00e7ais de l&#8217;oc\u00e9an Indien, fait partie du Patrimoine mondial gr\u00e2ce \u00e0 ses for\u00eats tropicales, ses volcans et ses esp\u00e8ces end\u00e9miques.<\/p>\n<p>Le parc national de la R\u00e9union, fut cr\u00e9\u00e9 en 2007, il couvre environ 40 % de la surface de l\u2019 \u00eele tropicale et volcanique, o\u00f9 le piton de la Fournaise entre r\u00e9guli\u00e8rement en \u00e9ruption.<\/p>\n<blockquote><p>&#8220;L&#8217;Unesco reconna\u00eet que l&#8217;ensemble des pitons, cirques et remparts cr\u00e9e un paysage spectaculaire et contribue significativement \u00e0 la conservation de la biodiversit\u00e9 terrestre&#8221;.<\/p><\/blockquote>\n<p>Apparue \u00e0 la surface de l&#8217;oc\u00e9an Indien il y a seulement trois millions d&#8217;ann\u00e9es, la R\u00e9union est constitu\u00e9e de deux massifs volcaniques. Malgr\u00e9 sa surface r\u00e9duite (2 500 km\u00b2), la R\u00e9union culmine \u00e0 3 070 m\u00e8tres, le piton des Neiges. Son relief profond\u00e9ment \u00e9rod\u00e9 offre des panoramas vertigineux o\u00f9 des remparts de plusieurs centaines de m\u00e8tres de hauteur. L\u2019ile est habit\u00e9e depuis pr\u00e8s de quatre cents ans, plus d&#8217;un tiers de la surface de l&#8217;\u00eele a conserv\u00e9 ses caract\u00e9ristiques originelles. La R\u00e9union abrite ainsi 230 esp\u00e8ces v\u00e9g\u00e9tales uniques au monde et 800 000 habitants de toutes races et de toutes origines&#8230; Cependant le DODO (zoiso) a disparu depuis bien longtemps, mais la dodo bi\u00e8re l\u00e9 la et la r\u00e9union i aime zot tout.<\/p>\n","protected":false},"excerpt":{"rendered":"<p>L&#8217;\u00eele de la R\u00e9union, d\u00e9partement fran\u00e7ais de l&#8217;oc\u00e9an Indien, fait partie du Patrimoine mondial gr\u00e2ce \u00e0 ses for\u00eats tropicales, ses<\/p>\n","protected":false},"author":1,"featured_media":0,"comment_status":"open","ping_status":"open","sticky":false,"template":"","format":"standard","meta":{"spay_email":"","jetpack_publicize_message":"","jetpack_is_tweetstorm":false},"categories":[1],"tags":[],"jetpack_featured_media_url":"","jetpack_publicize_connections":[],"yoast_head":"<!-- This site is optimized with the Yoast SEO plugin v15.8 - https:\/\/yoast.com\/wordpress\/plugins\/seo\/ -->\n<title>La R\u00e9union patrimoine de l&#039;UNESCO - D\u00e9m\u00e9nagement A Tessiot<\/title>\n<meta name=\"description\" content=\"L&#039;\u00eele de la R\u00e9union, d\u00e9partement fran\u00e7ais de l&#039;oc\u00e9an Indien, fait partie du Patrimoine mondial gr\u00e2ce \u00e0 ses for\u00eats tropicales, ses volcans et ses esp\u00e8ces\" \/>\n<meta name=\"robots\" content=\"index, follow, max-snippet:-1, max-image-preview:large, max-video-preview:-1\" \/>\n<link rel=\"canonical\" href=\"http:\/\/www.tessiot-demenagement.com\/lareunion\/la-reunion-patrimoine-de-lunesco\/\" \/>\n<meta property=\"og:locale\" content=\"fr_FR\" \/>\n<meta property=\"og:type\" content=\"article\" \/>\n<meta property=\"og:title\" content=\"La R\u00e9union patrimoine de l&#039;UNESCO - D\u00e9m\u00e9nagement A Tessiot\" \/>\n<meta property=\"og:description\" content=\"L&#039;\u00eele de la R\u00e9union, d\u00e9partement fran\u00e7ais de l&#039;oc\u00e9an Indien, fait partie du Patrimoine mondial gr\u00e2ce \u00e0 ses for\u00eats tropicales, ses volcans et ses esp\u00e8ces\" \/>\n<meta property=\"og:url\" content=\"http:\/\/www.tessiot-demenagement.com\/lareunion\/la-reunion-patrimoine-de-lunesco\/\" \/>\n<meta property=\"og:site_name\" content=\"D\u00e9m\u00e9nagement A Tessiot\" \/>\n<meta property=\"article:published_time\" content=\"2014-01-01T14:22:08+00:00\" \/>\n<meta property=\"article:modified_time\" content=\"2015-01-15T05:14:01+00:00\" \/>\n<meta property=\"og:image\" content=\"http:\/\/www.tessiot-demenagement.com\/lareunion\/wp-content\/uploads\/2014\/01\/111-300x225.jpg\" \/>\n<meta name=\"twitter:label1\" content=\"Dur\u00e9e de lecture est.\">\n\t<meta name=\"twitter:data1\" content=\"1 minute\">\n<script type=\"application\/ld+json\" class=\"yoast-schema-graph\">{\"@context\":\"https:\/\/schema.org\",\"@graph\":[{\"@type\":\"WebSite\",\"@id\":\"http:\/\/www.tessiot-demenagement.com\/lareunion\/#website\",\"url\":\"http:\/\/www.tessiot-demenagement.com\/lareunion\/\",\"name\":\"D\\u00e9m\\u00e9nagement A Tessiot\",\"description\":\"votre demenageur specialiste des transferts administratifs et industriels\",\"potentialAction\":[{\"@type\":\"SearchAction\",\"target\":\"http:\/\/www.tessiot-demenagement.com\/lareunion\/?s={search_term_string}\",\"query-input\":\"required name=search_term_string\"}],\"inLanguage\":\"fr-FR\"},{\"@type\":\"ImageObject\",\"@id\":\"http:\/\/www.tessiot-demenagement.com\/lareunion\/la-reunion-patrimoine-de-lunesco\/#primaryimage\",\"inLanguage\":\"fr-FR\",\"url\":\"http:\/\/www.tessiot-demenagement.com\/lareunion\/wp-content\/uploads\/2014\/01\/111.jpg\",\"width\":2048,\"height\":1536,\"caption\":\"\\u00e9ruption sur l'\\u00eele de la r\\u00e9union\"},{\"@type\":\"WebPage\",\"@id\":\"http:\/\/www.tessiot-demenagement.com\/lareunion\/la-reunion-patrimoine-de-lunesco\/#webpage\",\"url\":\"http:\/\/www.tessiot-demenagement.com\/lareunion\/la-reunion-patrimoine-de-lunesco\/\",\"name\":\"La R\\u00e9union patrimoine de l'UNESCO - D\\u00e9m\\u00e9nagement A Tessiot\",\"isPartOf\":{\"@id\":\"http:\/\/www.tessiot-demenagement.com\/lareunion\/#website\"},\"primaryImageOfPage\":{\"@id\":\"http:\/\/www.tessiot-demenagement.com\/lareunion\/la-reunion-patrimoine-de-lunesco\/#primaryimage\"},\"datePublished\":\"2014-01-01T14:22:08+00:00\",\"dateModified\":\"2015-01-15T05:14:01+00:00\",\"author\":{\"@id\":\"http:\/\/www.tessiot-demenagement.com\/lareunion\/#\/schema\/person\/15844b7bc55e69f8b1a1c467dc888358\"},\"description\":\"L'\\u00eele de la R\\u00e9union, d\\u00e9partement fran\\u00e7ais de l'oc\\u00e9an Indien, fait partie du Patrimoine mondial gr\\u00e2ce \\u00e0 ses for\\u00eats tropicales, ses volcans et ses esp\\u00e8ces\",\"breadcrumb\":{\"@id\":\"http:\/\/www.tessiot-demenagement.com\/lareunion\/la-reunion-patrimoine-de-lunesco\/#breadcrumb\"},\"inLanguage\":\"fr-FR\",\"potentialAction\":[{\"@type\":\"ReadAction\",\"target\":[\"http:\/\/www.tessiot-demenagement.com\/lareunion\/la-reunion-patrimoine-de-lunesco\/\"]}]},{\"@type\":\"BreadcrumbList\",\"@id\":\"http:\/\/www.tessiot-demenagement.com\/lareunion\/la-reunion-patrimoine-de-lunesco\/#breadcrumb\",\"itemListElement\":[{\"@type\":\"ListItem\",\"position\":1,\"item\":{\"@type\":\"WebPage\",\"@id\":\"http:\/\/www.tessiot-demenagement.com\/lareunion\/la-reunion-patrimoine-de-lunesco\/\",\"url\":\"http:\/\/www.tessiot-demenagement.com\/lareunion\/la-reunion-patrimoine-de-lunesco\/\",\"name\":\"La R\\u00e9union patrimoine de l&rsquo;UNESCO\"}}]},{\"@type\":\"Person\",\"@id\":\"http:\/\/www.tessiot-demenagement.com\/lareunion\/#\/schema\/person\/15844b7bc55e69f8b1a1c467dc888358\",\"name\":\"admin\",\"image\":{\"@type\":\"ImageObject\",\"@id\":\"http:\/\/www.tessiot-demenagement.com\/lareunion\/#personlogo\",\"inLanguage\":\"fr-FR\",\"url\":\"http:\/\/2.gravatar.com\/avatar\/82fc09f1c7273e385da186f93c5568a1?s=96&d=mm&r=g\",\"caption\":\"admin\"}}]}<\/script>\n<!-- \/ Yoast SEO plugin. -->","jetpack_sharing_enabled":true,"jetpack_shortlink":"https:\/\/wp.me\/p5eCLF-1","_links":{"self":[{"href":"http:\/\/www.tessiot-demenagement.com\/lareunion\/wp-json\/wp\/v2\/posts\/1"}],"collection":[{"href":"http:\/\/www.tessiot-demenagement.com\/lareunion\/wp-json\/wp\/v2\/posts"}],"about":[{"href":"http:\/\/www.tessiot-demenagement.com\/lareunion\/wp-json\/wp\/v2\/types\/post"}],"author":[{"embeddable":true,"href":"http:\/\/www.tessiot-demenagement.com\/lareunion\/wp-json\/wp\/v2\/users\/1"}],"replies":[{"embeddable":true,"href":"http:\/\/www.tessiot-demenagement.com\/lareunion\/wp-json\/wp\/v2\/comments?post=1"}],"version-history":[{"count":0,"href":"http:\/\/www.tessiot-demenagement.com\/lareunion\/wp-json\/wp\/v2\/posts\/1\/revisions"}],"wp:attachment":[{"href":"http:\/\/www.tessiot-demenagement.com\/lareunion\/wp-json\/wp\/v2\/media?parent=1"}],"wp:term":[{"taxonomy":"category","embeddable":true,"href":"http:\/\/www.tessiot-demenagement.com\/lareunion\/wp-json\/wp\/v2\/categories?post=1"},{"taxonomy":"post_tag","embeddable":true,"href":"http:\/\/www.tessiot-demenagement.com\/lareunion\/wp-json\/wp\/v2\/tags?post=1"}],"curies":[{"name":"wp","href":"https:\/\/api.w.org\/{rel}","templated":true}]}}